{"id":6733,"date":"2018-09-02T19:36:41","date_gmt":"2018-09-02T18:36:41","guid":{"rendered":"https:\/\/tv-bensheim.de\/scheele-und-goelz-qualifizieren-sich-fuer-die-deutsche-rangliste\/"},"modified":"2018-09-02T19:36:41","modified_gmt":"2018-09-02T18:36:41","slug":"scheele-und-goelz-qualifizieren-sich-fuer-die-deutsche-rangliste","status":"publish","type":"post","link":"https:\/\/tv-bensheim.de\/badminton\/scheele-und-goelz-qualifizieren-sich-fuer-die-deutsche-rangliste\/","title":{"rendered":"Scheele und G\u00f6lz qualifizieren sich f\u00fcr die Deutsche Rangliste"},"content":{"rendered":"<p>Im saarl\u00e4ndischen Wiebelskirchen wurde am vergangenen Wochenende die 2.<br \/>\nRangliste der Badmintonjugend der Gruppe Mitte ausgespielt. F\u00fcr Hessen<br \/>\nam Start waren die beiden S\u00fcdhessen Jonas G\u00f6lz und Isabel Scheele, die<br \/>\nbeide f\u00fcr den TV Dieburg in der aktuellen Saison starten und aus der<br \/>\nhervorragenden Jugendarbeit des TV Bensheim hervorgegangen sind.<\/p>\n<p>Isabel Scheele verpasste im Spiel um Platz 3 knapp den Podestplatz. Sie<br \/>\ngewann mit ihrer th\u00fcringischen Partner Lea K\u00e4mnitz die Doppeldisziplin<br \/>\nund verwies Tirschmann\/Krax auf den 2. Platz. Dieser Sieg ist um so<br \/>\nbemerkenswerten, als dass Scheele\/K\u00e4mnitz zum ersten Mal gemeinsam im<br \/>\nDoppel antraten und Tirschmann Mitglied des Deutschlandkaders ist.<\/p>\n<p>Jonas G\u00f6lz gewann in einem spannenden 3-Satz Spiel gegen den an 1<br \/>\ngesetzten Huy Mingh Nguyen (Dortelweil) und musste sich im Finale des<br \/>\nEinzels der Altersklasse U19 nur Christian Dumler geschlagen geben. Er<br \/>\nund Christian Dumler gewannen die Doppeldisziplin und verwiesen ihre<br \/>\nKonkurrenz auf die nachfolgenden Pl\u00e4tze.<\/p>\n<p>&nbsp;<\/p>\n<p>Training f\u00fcr Grundsch\u00fcler<\/p>\n<p>Um diese Erfolgsserie zuk\u00fcnftig fortsetzen zu k\u00f6nnen, startet der TV<br \/>\nBensheim aktuell eine neue Trainingsgruppe f\u00fcr Grundsch\u00fcler, die am<br \/>\nWettkampfgeschehen teilnehmen m\u00f6chten. Die Traininszeiten sind mittwochs<br \/>\n17:30 &#8211; 19:00 Uhr in der Weststadthalle und freitags 18:00 &#8211; 19:30 Uhr<br \/>\nin der AKG-Halle am Weiherhausstadion.<\/p>\n<p>&nbsp;<\/p>\n<p>Text: Elke Scheele<\/p>\n","protected":false},"excerpt":{"rendered":"<p>Im saarl\u00e4ndischen Wiebelskirchen wurde am vergangenen Wochenende die 2. Rangliste der Badmintonjugend der Gruppe Mitte ausgespielt. F\u00fcr Hessen am Start waren die beiden S\u00fcdhessen Jonas G\u00f6lz und Isabel Scheele, die beide f\u00fcr den TV Dieburg in der aktuellen Saison starten&#8230;<br \/><a class=\"read-more-button\" href=\"https:\/\/tv-bensheim.de\/2018\/09\/02\/scheele-und-goelz-qualifizieren-sich-fuer-die-deutsche-rangliste\/\">Mehr Lesen<\/a><\/p>\n","protected":false},"author":1,"featured_media":0,"comment_status":"open","ping_status":"closed","sticky":false,"template":"","format":"standard","meta":{"footnotes":""},"categories":[1],"tags":[],"class_list":["post-6733","post","type-post","status-publish","format-standard","hentry","category-uncategorized","category-1","description-off"],"yoast_head":"<!-- This site is optimized with the Yoast SEO plugin v26.9 - https:\/\/yoast.com\/product\/yoast-seo-wordpress\/ -->\n<title>Scheele und G\u00f6lz qualifizieren sich f\u00fcr die Deutsche Rangliste - Badminton - TV 1862 Bensheim e.V<\/title>\n<meta name=\"robots\" content=\"index, follow, max-snippet:-1, max-image-preview:large, max-video-preview:-1\" \/>\n<link rel=\"canonical\" href=\"https:\/\/tv-bensheim.de\/badminton\/scheele-und-goelz-qualifizieren-sich-fuer-die-deutsche-rangliste\/\" \/>\n<meta property=\"og:locale\" content=\"de_DE\" \/>\n<meta property=\"og:type\" content=\"article\" \/>\n<meta property=\"og:title\" content=\"Scheele und G\u00f6lz qualifizieren sich f\u00fcr die Deutsche Rangliste - Badminton - TV 1862 Bensheim e.V\" \/>\n<meta property=\"og:description\" content=\"Im saarl\u00e4ndischen Wiebelskirchen wurde am vergangenen Wochenende die 2. Rangliste der Badmintonjugend der Gruppe Mitte ausgespielt. F\u00fcr Hessen am Start waren die beiden S\u00fcdhessen Jonas G\u00f6lz und Isabel Scheele, die beide f\u00fcr den TV Dieburg in der aktuellen Saison starten&#8230;Mehr Lesen\" \/>\n<meta property=\"og:url\" content=\"https:\/\/tv-bensheim.de\/badminton\/scheele-und-goelz-qualifizieren-sich-fuer-die-deutsche-rangliste\/\" \/>\n<meta property=\"og:site_name\" content=\"Badminton - TV 1862 Bensheim e.V\" \/>\n<meta property=\"article:publisher\" content=\"https:\/\/www.facebook.com\/tvbensheimbadminton\" \/>\n<meta property=\"article:published_time\" content=\"2018-09-02T18:36:41+00:00\" \/>\n<meta name=\"author\" content=\"admin\" \/>\n<script type=\"application\/ld+json\" class=\"yoast-schema-graph\">{\"@context\":\"https:\/\/schema.org\",\"@graph\":[{\"@type\":\"Article\",\"@id\":\"https:\/\/tv-bensheim.de\/badminton\/scheele-und-goelz-qualifizieren-sich-fuer-die-deutsche-rangliste\/#article\",\"isPartOf\":{\"@id\":\"https:\/\/tv-bensheim.de\/badminton\/scheele-und-goelz-qualifizieren-sich-fuer-die-deutsche-rangliste\/\"},\"author\":{\"name\":\"admin\",\"@id\":\"https:\/\/tv-bensheim.de\/badminton\/#\/schema\/person\/d08d976de9daed147120bbc842964587\"},\"headline\":\"Scheele und G\u00f6lz qualifizieren sich f\u00fcr die Deutsche Rangliste\",\"datePublished\":\"2018-09-02T18:36:41+00:00\",\"mainEntityOfPage\":{\"@id\":\"https:\/\/tv-bensheim.de\/badminton\/scheele-und-goelz-qualifizieren-sich-fuer-die-deutsche-rangliste\/\"},\"wordCount\":221,\"commentCount\":0,\"publisher\":{\"@id\":\"https:\/\/tv-bensheim.de\/badminton\/#organization\"},\"articleSection\":[\"Uncategorized\"],\"inLanguage\":\"de\",\"potentialAction\":[{\"@type\":\"CommentAction\",\"name\":\"Comment\",\"target\":[\"https:\/\/tv-bensheim.de\/badminton\/scheele-und-goelz-qualifizieren-sich-fuer-die-deutsche-rangliste\/#respond\"]}]},{\"@type\":\"WebPage\",\"@id\":\"https:\/\/tv-bensheim.de\/badminton\/scheele-und-goelz-qualifizieren-sich-fuer-die-deutsche-rangliste\/\",\"url\":\"https:\/\/tv-bensheim.de\/badminton\/scheele-und-goelz-qualifizieren-sich-fuer-die-deutsche-rangliste\/\",\"name\":\"Scheele und G\u00f6lz qualifizieren sich f\u00fcr die Deutsche Rangliste - Badminton - TV 1862 Bensheim e.V\",\"isPartOf\":{\"@id\":\"https:\/\/tv-bensheim.de\/badminton\/#website\"},\"datePublished\":\"2018-09-02T18:36:41+00:00\",\"breadcrumb\":{\"@id\":\"https:\/\/tv-bensheim.de\/badminton\/scheele-und-goelz-qualifizieren-sich-fuer-die-deutsche-rangliste\/#breadcrumb\"},\"inLanguage\":\"de\",\"potentialAction\":[{\"@type\":\"ReadAction\",\"target\":[\"https:\/\/tv-bensheim.de\/badminton\/scheele-und-goelz-qualifizieren-sich-fuer-die-deutsche-rangliste\/\"]}]},{\"@type\":\"BreadcrumbList\",\"@id\":\"https:\/\/tv-bensheim.de\/badminton\/scheele-und-goelz-qualifizieren-sich-fuer-die-deutsche-rangliste\/#breadcrumb\",\"itemListElement\":[{\"@type\":\"ListItem\",\"position\":1,\"name\":\"Startseite\",\"item\":\"https:\/\/tv-bensheim.de\/badminton\/\"},{\"@type\":\"ListItem\",\"position\":2,\"name\":\"Scheele und G\u00f6lz qualifizieren sich f\u00fcr die Deutsche Rangliste\"}]},{\"@type\":\"WebSite\",\"@id\":\"https:\/\/tv-bensheim.de\/badminton\/#website\",\"url\":\"https:\/\/tv-bensheim.de\/badminton\/\",\"name\":\"Badminton - TV 1862 Bensheim e.V\",\"description\":\"Alle Angebote der Badmintonabteilung des TV 1862 Bensheim e.V\",\"publisher\":{\"@id\":\"https:\/\/tv-bensheim.de\/badminton\/#organization\"},\"potentialAction\":[{\"@type\":\"SearchAction\",\"target\":{\"@type\":\"EntryPoint\",\"urlTemplate\":\"https:\/\/tv-bensheim.de\/badminton\/?s={search_term_string}\"},\"query-input\":{\"@type\":\"PropertyValueSpecification\",\"valueRequired\":true,\"valueName\":\"search_term_string\"}}],\"inLanguage\":\"de\"},{\"@type\":\"Organization\",\"@id\":\"https:\/\/tv-bensheim.de\/badminton\/#organization\",\"name\":\"Badminton - TV 1862 Bensheim e.V\",\"url\":\"https:\/\/tv-bensheim.de\/badminton\/\",\"logo\":{\"@type\":\"ImageObject\",\"inLanguage\":\"de\",\"@id\":\"https:\/\/tv-bensheim.de\/badminton\/#\/schema\/logo\/image\/\",\"url\":\"https:\/\/tv-bensheim.de\/badminton\/wp-content\/uploads\/2024\/02\/tvb-vektor2020-4c-Transparent.svg\",\"contentUrl\":\"https:\/\/tv-bensheim.de\/badminton\/wp-content\/uploads\/2024\/02\/tvb-vektor2020-4c-Transparent.svg\",\"width\":309,\"height\":396,\"caption\":\"Badminton - TV 1862 Bensheim e.V\"},\"image\":{\"@id\":\"https:\/\/tv-bensheim.de\/badminton\/#\/schema\/logo\/image\/\"},\"sameAs\":[\"https:\/\/www.facebook.com\/tvbensheimbadminton\",\"https:\/\/www.instagram.com\/tvbensheimbadminton\"]},{\"@type\":\"Person\",\"@id\":\"https:\/\/tv-bensheim.de\/badminton\/#\/schema\/person\/d08d976de9daed147120bbc842964587\",\"name\":\"admin\",\"image\":{\"@type\":\"ImageObject\",\"inLanguage\":\"de\",\"@id\":\"https:\/\/tv-bensheim.de\/badminton\/#\/schema\/person\/image\/\",\"url\":\"https:\/\/secure.gravatar.com\/avatar\/ea1cc042b124da9322e516a7a5fee9f5a1b8b3fdf83c2b14231d16f4bdb2df59?s=96&d=mm&r=g\",\"contentUrl\":\"https:\/\/secure.gravatar.com\/avatar\/ea1cc042b124da9322e516a7a5fee9f5a1b8b3fdf83c2b14231d16f4bdb2df59?s=96&d=mm&r=g\",\"caption\":\"admin\"},\"sameAs\":[\"https:\/\/tv-bensheim.de\/badminton\"],\"url\":\"https:\/\/tv-bensheim.de\/badminton\/author\/kassenwart_e0lbkkgv\/\"}]}<\/script>\n<!-- \/ Yoast SEO plugin. -->","yoast_head_json":{"title":"Scheele und G\u00f6lz qualifizieren sich f\u00fcr die Deutsche Rangliste - Badminton - TV 1862 Bensheim e.V","robots":{"index":"index","follow":"follow","max-snippet":"max-snippet:-1","max-image-preview":"max-image-preview:large","max-video-preview":"max-video-preview:-1"},"canonical":"https:\/\/tv-bensheim.de\/badminton\/scheele-und-goelz-qualifizieren-sich-fuer-die-deutsche-rangliste\/","og_locale":"de_DE","og_type":"article","og_title":"Scheele und G\u00f6lz qualifizieren sich f\u00fcr die Deutsche Rangliste - Badminton - TV 1862 Bensheim e.V","og_description":"Im saarl\u00e4ndischen Wiebelskirchen wurde am vergangenen Wochenende die 2. Rangliste der Badmintonjugend der Gruppe Mitte ausgespielt. F\u00fcr Hessen am Start waren die beiden S\u00fcdhessen Jonas G\u00f6lz und Isabel Scheele, die beide f\u00fcr den TV Dieburg in der aktuellen Saison starten&#8230;Mehr Lesen","og_url":"https:\/\/tv-bensheim.de\/badminton\/scheele-und-goelz-qualifizieren-sich-fuer-die-deutsche-rangliste\/","og_site_name":"Badminton - TV 1862 Bensheim e.V","article_publisher":"https:\/\/www.facebook.com\/tvbensheimbadminton","article_published_time":"2018-09-02T18:36:41+00:00","author":"admin","schema":{"@context":"https:\/\/schema.org","@graph":[{"@type":"Article","@id":"https:\/\/tv-bensheim.de\/badminton\/scheele-und-goelz-qualifizieren-sich-fuer-die-deutsche-rangliste\/#article","isPartOf":{"@id":"https:\/\/tv-bensheim.de\/badminton\/scheele-und-goelz-qualifizieren-sich-fuer-die-deutsche-rangliste\/"},"author":{"name":"admin","@id":"https:\/\/tv-bensheim.de\/badminton\/#\/schema\/person\/d08d976de9daed147120bbc842964587"},"headline":"Scheele und G\u00f6lz qualifizieren sich f\u00fcr die Deutsche Rangliste","datePublished":"2018-09-02T18:36:41+00:00","mainEntityOfPage":{"@id":"https:\/\/tv-bensheim.de\/badminton\/scheele-und-goelz-qualifizieren-sich-fuer-die-deutsche-rangliste\/"},"wordCount":221,"commentCount":0,"publisher":{"@id":"https:\/\/tv-bensheim.de\/badminton\/#organization"},"articleSection":["Uncategorized"],"inLanguage":"de","potentialAction":[{"@type":"CommentAction","name":"Comment","target":["https:\/\/tv-bensheim.de\/badminton\/scheele-und-goelz-qualifizieren-sich-fuer-die-deutsche-rangliste\/#respond"]}]},{"@type":"WebPage","@id":"https:\/\/tv-bensheim.de\/badminton\/scheele-und-goelz-qualifizieren-sich-fuer-die-deutsche-rangliste\/","url":"https:\/\/tv-bensheim.de\/badminton\/scheele-und-goelz-qualifizieren-sich-fuer-die-deutsche-rangliste\/","name":"Scheele und G\u00f6lz qualifizieren sich f\u00fcr die Deutsche Rangliste - Badminton - TV 1862 Bensheim e.V","isPartOf":{"@id":"https:\/\/tv-bensheim.de\/badminton\/#website"},"datePublished":"2018-09-02T18:36:41+00:00","breadcrumb":{"@id":"https:\/\/tv-bensheim.de\/badminton\/scheele-und-goelz-qualifizieren-sich-fuer-die-deutsche-rangliste\/#breadcrumb"},"inLanguage":"de","potentialAction":[{"@type":"ReadAction","target":["https:\/\/tv-bensheim.de\/badminton\/scheele-und-goelz-qualifizieren-sich-fuer-die-deutsche-rangliste\/"]}]},{"@type":"BreadcrumbList","@id":"https:\/\/tv-bensheim.de\/badminton\/scheele-und-goelz-qualifizieren-sich-fuer-die-deutsche-rangliste\/#breadcrumb","itemListElement":[{"@type":"ListItem","position":1,"name":"Startseite","item":"https:\/\/tv-bensheim.de\/badminton\/"},{"@type":"ListItem","position":2,"name":"Scheele und G\u00f6lz qualifizieren sich f\u00fcr die Deutsche Rangliste"}]},{"@type":"WebSite","@id":"https:\/\/tv-bensheim.de\/badminton\/#website","url":"https:\/\/tv-bensheim.de\/badminton\/","name":"Badminton - TV 1862 Bensheim e.V","description":"Alle Angebote der Badmintonabteilung des TV 1862 Bensheim e.V","publisher":{"@id":"https:\/\/tv-bensheim.de\/badminton\/#organization"},"potentialAction":[{"@type":"SearchAction","target":{"@type":"EntryPoint","urlTemplate":"https:\/\/tv-bensheim.de\/badminton\/?s={search_term_string}"},"query-input":{"@type":"PropertyValueSpecification","valueRequired":true,"valueName":"search_term_string"}}],"inLanguage":"de"},{"@type":"Organization","@id":"https:\/\/tv-bensheim.de\/badminton\/#organization","name":"Badminton - TV 1862 Bensheim e.V","url":"https:\/\/tv-bensheim.de\/badminton\/","logo":{"@type":"ImageObject","inLanguage":"de","@id":"https:\/\/tv-bensheim.de\/badminton\/#\/schema\/logo\/image\/","url":"https:\/\/tv-bensheim.de\/badminton\/wp-content\/uploads\/2024\/02\/tvb-vektor2020-4c-Transparent.svg","contentUrl":"https:\/\/tv-bensheim.de\/badminton\/wp-content\/uploads\/2024\/02\/tvb-vektor2020-4c-Transparent.svg","width":309,"height":396,"caption":"Badminton - TV 1862 Bensheim e.V"},"image":{"@id":"https:\/\/tv-bensheim.de\/badminton\/#\/schema\/logo\/image\/"},"sameAs":["https:\/\/www.facebook.com\/tvbensheimbadminton","https:\/\/www.instagram.com\/tvbensheimbadminton"]},{"@type":"Person","@id":"https:\/\/tv-bensheim.de\/badminton\/#\/schema\/person\/d08d976de9daed147120bbc842964587","name":"admin","image":{"@type":"ImageObject","inLanguage":"de","@id":"https:\/\/tv-bensheim.de\/badminton\/#\/schema\/person\/image\/","url":"https:\/\/secure.gravatar.com\/avatar\/ea1cc042b124da9322e516a7a5fee9f5a1b8b3fdf83c2b14231d16f4bdb2df59?s=96&d=mm&r=g","contentUrl":"https:\/\/secure.gravatar.com\/avatar\/ea1cc042b124da9322e516a7a5fee9f5a1b8b3fdf83c2b14231d16f4bdb2df59?s=96&d=mm&r=g","caption":"admin"},"sameAs":["https:\/\/tv-bensheim.de\/badminton"],"url":"https:\/\/tv-bensheim.de\/badminton\/author\/kassenwart_e0lbkkgv\/"}]}},"_links":{"self":[{"href":"https:\/\/tv-bensheim.de\/badminton\/wp-json\/wp\/v2\/posts\/6733","targetHints":{"allow":["GET"]}}],"collection":[{"href":"https:\/\/tv-bensheim.de\/badminton\/wp-json\/wp\/v2\/posts"}],"about":[{"href":"https:\/\/tv-bensheim.de\/badminton\/wp-json\/wp\/v2\/types\/post"}],"author":[{"embeddable":true,"href":"https:\/\/tv-bensheim.de\/badminton\/wp-json\/wp\/v2\/users\/1"}],"replies":[{"embeddable":true,"href":"https:\/\/tv-bensheim.de\/badminton\/wp-json\/wp\/v2\/comments?post=6733"}],"version-history":[{"count":0,"href":"https:\/\/tv-bensheim.de\/badminton\/wp-json\/wp\/v2\/posts\/6733\/revisions"}],"wp:attachment":[{"href":"https:\/\/tv-bensheim.de\/badminton\/wp-json\/wp\/v2\/media?parent=6733"}],"wp:term":[{"taxonomy":"category","embeddable":true,"href":"https:\/\/tv-bensheim.de\/badminton\/wp-json\/wp\/v2\/categories?post=6733"},{"taxonomy":"post_tag","embeddable":true,"href":"https:\/\/tv-bensheim.de\/badminton\/wp-json\/wp\/v2\/tags?post=6733"}],"curies":[{"name":"wp","href":"https:\/\/api.w.org\/{rel}","templated":true}]}}