{"id":6709,"date":"2019-09-10T09:00:27","date_gmt":"2019-09-10T08:00:27","guid":{"rendered":"https:\/\/tv-bensheim.de\/der-tvb-laesst-wieder-die-federn-fliegen\/"},"modified":"2019-09-10T09:00:27","modified_gmt":"2019-09-10T08:00:27","slug":"der-tvb-laesst-wieder-die-federn-fliegen","status":"publish","type":"post","link":"https:\/\/tv-bensheim.de\/badminton\/der-tvb-laesst-wieder-die-federn-fliegen\/","title":{"rendered":"Der TVB l\u00e4sst wieder die Federn fliegen"},"content":{"rendered":"<p>Am Wochenende ist es soweit &#8211; die offizielle Badmintonsaison ist er\u00f6ffnet. Der TV Bensheim r\u00fcckt in der Hinrunde mit 8 Mannschaften an und ist somit einer der st\u00e4rksten Vereine in Hessen. Einige Mannschaften starten in einer h\u00f6heren Klasse und nehmen somit neue\u00a0Herausforderungen an.\u00a0Diesen Samstag geht es gleich mit zwei Derbys los und wir w\u00fcnschen allen hochmotivierten Spielern eine verletzungsfreie und siegreiche Saison.<\/p>\n<p>&nbsp;<\/p>\n<p>Text: Susanne Asser-Guiard<\/p>\n","protected":false},"excerpt":{"rendered":"<p>Am Wochenende ist es soweit &#8211; die offizielle Badmintonsaison ist er\u00f6ffnet. Der TV Bensheim r\u00fcckt in der Hinrunde mit 8 Mannschaften an und ist somit einer der st\u00e4rksten Vereine in Hessen. Einige Mannschaften starten in einer h\u00f6heren Klasse und nehmen&#8230;<br \/><a class=\"read-more-button\" href=\"https:\/\/tv-bensheim.de\/2019\/09\/10\/der-tvb-laesst-wieder-die-federn-fliegen\/\">Mehr Lesen<\/a><\/p>\n","protected":false},"author":1,"featured_media":0,"comment_status":"open","ping_status":"closed","sticky":false,"template":"","format":"standard","meta":{"footnotes":""},"categories":[1],"tags":[],"class_list":["post-6709","post","type-post","status-publish","format-standard","hentry","category-uncategorized","category-1","description-off"],"yoast_head":"<!-- This site is optimized with the Yoast SEO plugin v26.9 - https:\/\/yoast.com\/product\/yoast-seo-wordpress\/ -->\n<title>Der TVB l\u00e4sst wieder die Federn fliegen - Badminton - TV 1862 Bensheim e.V<\/title>\n<meta name=\"robots\" content=\"index, follow, max-snippet:-1, max-image-preview:large, max-video-preview:-1\" \/>\n<link rel=\"canonical\" href=\"https:\/\/tv-bensheim.de\/badminton\/der-tvb-laesst-wieder-die-federn-fliegen\/\" \/>\n<meta property=\"og:locale\" content=\"de_DE\" \/>\n<meta property=\"og:type\" content=\"article\" \/>\n<meta property=\"og:title\" content=\"Der TVB l\u00e4sst wieder die Federn fliegen - Badminton - TV 1862 Bensheim e.V\" \/>\n<meta property=\"og:description\" content=\"Am Wochenende ist es soweit &#8211; die offizielle Badmintonsaison ist er\u00f6ffnet. Der TV Bensheim r\u00fcckt in der Hinrunde mit 8 Mannschaften an und ist somit einer der st\u00e4rksten Vereine in Hessen. Einige Mannschaften starten in einer h\u00f6heren Klasse und nehmen&#8230;Mehr Lesen\" \/>\n<meta property=\"og:url\" content=\"https:\/\/tv-bensheim.de\/badminton\/der-tvb-laesst-wieder-die-federn-fliegen\/\" \/>\n<meta property=\"og:site_name\" content=\"Badminton - TV 1862 Bensheim e.V\" \/>\n<meta property=\"article:publisher\" content=\"https:\/\/www.facebook.com\/tvbensheimbadminton\" \/>\n<meta property=\"article:published_time\" content=\"2019-09-10T08:00:27+00:00\" \/>\n<meta name=\"author\" content=\"admin\" \/>\n<script type=\"application\/ld+json\" class=\"yoast-schema-graph\">{\"@context\":\"https:\/\/schema.org\",\"@graph\":[{\"@type\":\"Article\",\"@id\":\"https:\/\/tv-bensheim.de\/badminton\/der-tvb-laesst-wieder-die-federn-fliegen\/#article\",\"isPartOf\":{\"@id\":\"https:\/\/tv-bensheim.de\/badminton\/der-tvb-laesst-wieder-die-federn-fliegen\/\"},\"author\":{\"name\":\"admin\",\"@id\":\"https:\/\/tv-bensheim.de\/badminton\/#\/schema\/person\/d08d976de9daed147120bbc842964587\"},\"headline\":\"Der TVB l\u00e4sst wieder die Federn fliegen\",\"datePublished\":\"2019-09-10T08:00:27+00:00\",\"mainEntityOfPage\":{\"@id\":\"https:\/\/tv-bensheim.de\/badminton\/der-tvb-laesst-wieder-die-federn-fliegen\/\"},\"wordCount\":80,\"commentCount\":0,\"publisher\":{\"@id\":\"https:\/\/tv-bensheim.de\/badminton\/#organization\"},\"articleSection\":[\"Uncategorized\"],\"inLanguage\":\"de\",\"potentialAction\":[{\"@type\":\"CommentAction\",\"name\":\"Comment\",\"target\":[\"https:\/\/tv-bensheim.de\/badminton\/der-tvb-laesst-wieder-die-federn-fliegen\/#respond\"]}]},{\"@type\":\"WebPage\",\"@id\":\"https:\/\/tv-bensheim.de\/badminton\/der-tvb-laesst-wieder-die-federn-fliegen\/\",\"url\":\"https:\/\/tv-bensheim.de\/badminton\/der-tvb-laesst-wieder-die-federn-fliegen\/\",\"name\":\"Der TVB l\u00e4sst wieder die Federn fliegen - Badminton - TV 1862 Bensheim e.V\",\"isPartOf\":{\"@id\":\"https:\/\/tv-bensheim.de\/badminton\/#website\"},\"datePublished\":\"2019-09-10T08:00:27+00:00\",\"breadcrumb\":{\"@id\":\"https:\/\/tv-bensheim.de\/badminton\/der-tvb-laesst-wieder-die-federn-fliegen\/#breadcrumb\"},\"inLanguage\":\"de\",\"potentialAction\":[{\"@type\":\"ReadAction\",\"target\":[\"https:\/\/tv-bensheim.de\/badminton\/der-tvb-laesst-wieder-die-federn-fliegen\/\"]}]},{\"@type\":\"BreadcrumbList\",\"@id\":\"https:\/\/tv-bensheim.de\/badminton\/der-tvb-laesst-wieder-die-federn-fliegen\/#breadcrumb\",\"itemListElement\":[{\"@type\":\"ListItem\",\"position\":1,\"name\":\"Startseite\",\"item\":\"https:\/\/tv-bensheim.de\/badminton\/\"},{\"@type\":\"ListItem\",\"position\":2,\"name\":\"Der TVB l\u00e4sst wieder die Federn fliegen\"}]},{\"@type\":\"WebSite\",\"@id\":\"https:\/\/tv-bensheim.de\/badminton\/#website\",\"url\":\"https:\/\/tv-bensheim.de\/badminton\/\",\"name\":\"Badminton - TV 1862 Bensheim e.V\",\"description\":\"Alle Angebote der Badmintonabteilung des TV 1862 Bensheim e.V\",\"publisher\":{\"@id\":\"https:\/\/tv-bensheim.de\/badminton\/#organization\"},\"potentialAction\":[{\"@type\":\"SearchAction\",\"target\":{\"@type\":\"EntryPoint\",\"urlTemplate\":\"https:\/\/tv-bensheim.de\/badminton\/?s={search_term_string}\"},\"query-input\":{\"@type\":\"PropertyValueSpecification\",\"valueRequired\":true,\"valueName\":\"search_term_string\"}}],\"inLanguage\":\"de\"},{\"@type\":\"Organization\",\"@id\":\"https:\/\/tv-bensheim.de\/badminton\/#organization\",\"name\":\"Badminton - TV 1862 Bensheim e.V\",\"url\":\"https:\/\/tv-bensheim.de\/badminton\/\",\"logo\":{\"@type\":\"ImageObject\",\"inLanguage\":\"de\",\"@id\":\"https:\/\/tv-bensheim.de\/badminton\/#\/schema\/logo\/image\/\",\"url\":\"https:\/\/tv-bensheim.de\/badminton\/wp-content\/uploads\/2024\/02\/tvb-vektor2020-4c-Transparent.svg\",\"contentUrl\":\"https:\/\/tv-bensheim.de\/badminton\/wp-content\/uploads\/2024\/02\/tvb-vektor2020-4c-Transparent.svg\",\"width\":309,\"height\":396,\"caption\":\"Badminton - TV 1862 Bensheim e.V\"},\"image\":{\"@id\":\"https:\/\/tv-bensheim.de\/badminton\/#\/schema\/logo\/image\/\"},\"sameAs\":[\"https:\/\/www.facebook.com\/tvbensheimbadminton\",\"https:\/\/www.instagram.com\/tvbensheimbadminton\"]},{\"@type\":\"Person\",\"@id\":\"https:\/\/tv-bensheim.de\/badminton\/#\/schema\/person\/d08d976de9daed147120bbc842964587\",\"name\":\"admin\",\"image\":{\"@type\":\"ImageObject\",\"inLanguage\":\"de\",\"@id\":\"https:\/\/tv-bensheim.de\/badminton\/#\/schema\/person\/image\/\",\"url\":\"https:\/\/secure.gravatar.com\/avatar\/ea1cc042b124da9322e516a7a5fee9f5a1b8b3fdf83c2b14231d16f4bdb2df59?s=96&d=mm&r=g\",\"contentUrl\":\"https:\/\/secure.gravatar.com\/avatar\/ea1cc042b124da9322e516a7a5fee9f5a1b8b3fdf83c2b14231d16f4bdb2df59?s=96&d=mm&r=g\",\"caption\":\"admin\"},\"sameAs\":[\"https:\/\/tv-bensheim.de\/badminton\"],\"url\":\"https:\/\/tv-bensheim.de\/badminton\/author\/kassenwart_e0lbkkgv\/\"}]}<\/script>\n<!-- \/ Yoast SEO plugin. -->","yoast_head_json":{"title":"Der TVB l\u00e4sst wieder die Federn fliegen - Badminton - TV 1862 Bensheim e.V","robots":{"index":"index","follow":"follow","max-snippet":"max-snippet:-1","max-image-preview":"max-image-preview:large","max-video-preview":"max-video-preview:-1"},"canonical":"https:\/\/tv-bensheim.de\/badminton\/der-tvb-laesst-wieder-die-federn-fliegen\/","og_locale":"de_DE","og_type":"article","og_title":"Der TVB l\u00e4sst wieder die Federn fliegen - Badminton - TV 1862 Bensheim e.V","og_description":"Am Wochenende ist es soweit &#8211; die offizielle Badmintonsaison ist er\u00f6ffnet. Der TV Bensheim r\u00fcckt in der Hinrunde mit 8 Mannschaften an und ist somit einer der st\u00e4rksten Vereine in Hessen. Einige Mannschaften starten in einer h\u00f6heren Klasse und nehmen&#8230;Mehr Lesen","og_url":"https:\/\/tv-bensheim.de\/badminton\/der-tvb-laesst-wieder-die-federn-fliegen\/","og_site_name":"Badminton - TV 1862 Bensheim e.V","article_publisher":"https:\/\/www.facebook.com\/tvbensheimbadminton","article_published_time":"2019-09-10T08:00:27+00:00","author":"admin","schema":{"@context":"https:\/\/schema.org","@graph":[{"@type":"Article","@id":"https:\/\/tv-bensheim.de\/badminton\/der-tvb-laesst-wieder-die-federn-fliegen\/#article","isPartOf":{"@id":"https:\/\/tv-bensheim.de\/badminton\/der-tvb-laesst-wieder-die-federn-fliegen\/"},"author":{"name":"admin","@id":"https:\/\/tv-bensheim.de\/badminton\/#\/schema\/person\/d08d976de9daed147120bbc842964587"},"headline":"Der TVB l\u00e4sst wieder die Federn fliegen","datePublished":"2019-09-10T08:00:27+00:00","mainEntityOfPage":{"@id":"https:\/\/tv-bensheim.de\/badminton\/der-tvb-laesst-wieder-die-federn-fliegen\/"},"wordCount":80,"commentCount":0,"publisher":{"@id":"https:\/\/tv-bensheim.de\/badminton\/#organization"},"articleSection":["Uncategorized"],"inLanguage":"de","potentialAction":[{"@type":"CommentAction","name":"Comment","target":["https:\/\/tv-bensheim.de\/badminton\/der-tvb-laesst-wieder-die-federn-fliegen\/#respond"]}]},{"@type":"WebPage","@id":"https:\/\/tv-bensheim.de\/badminton\/der-tvb-laesst-wieder-die-federn-fliegen\/","url":"https:\/\/tv-bensheim.de\/badminton\/der-tvb-laesst-wieder-die-federn-fliegen\/","name":"Der TVB l\u00e4sst wieder die Federn fliegen - Badminton - TV 1862 Bensheim e.V","isPartOf":{"@id":"https:\/\/tv-bensheim.de\/badminton\/#website"},"datePublished":"2019-09-10T08:00:27+00:00","breadcrumb":{"@id":"https:\/\/tv-bensheim.de\/badminton\/der-tvb-laesst-wieder-die-federn-fliegen\/#breadcrumb"},"inLanguage":"de","potentialAction":[{"@type":"ReadAction","target":["https:\/\/tv-bensheim.de\/badminton\/der-tvb-laesst-wieder-die-federn-fliegen\/"]}]},{"@type":"BreadcrumbList","@id":"https:\/\/tv-bensheim.de\/badminton\/der-tvb-laesst-wieder-die-federn-fliegen\/#breadcrumb","itemListElement":[{"@type":"ListItem","position":1,"name":"Startseite","item":"https:\/\/tv-bensheim.de\/badminton\/"},{"@type":"ListItem","position":2,"name":"Der TVB l\u00e4sst wieder die Federn fliegen"}]},{"@type":"WebSite","@id":"https:\/\/tv-bensheim.de\/badminton\/#website","url":"https:\/\/tv-bensheim.de\/badminton\/","name":"Badminton - TV 1862 Bensheim e.V","description":"Alle Angebote der Badmintonabteilung des TV 1862 Bensheim e.V","publisher":{"@id":"https:\/\/tv-bensheim.de\/badminton\/#organization"},"potentialAction":[{"@type":"SearchAction","target":{"@type":"EntryPoint","urlTemplate":"https:\/\/tv-bensheim.de\/badminton\/?s={search_term_string}"},"query-input":{"@type":"PropertyValueSpecification","valueRequired":true,"valueName":"search_term_string"}}],"inLanguage":"de"},{"@type":"Organization","@id":"https:\/\/tv-bensheim.de\/badminton\/#organization","name":"Badminton - TV 1862 Bensheim e.V","url":"https:\/\/tv-bensheim.de\/badminton\/","logo":{"@type":"ImageObject","inLanguage":"de","@id":"https:\/\/tv-bensheim.de\/badminton\/#\/schema\/logo\/image\/","url":"https:\/\/tv-bensheim.de\/badminton\/wp-content\/uploads\/2024\/02\/tvb-vektor2020-4c-Transparent.svg","contentUrl":"https:\/\/tv-bensheim.de\/badminton\/wp-content\/uploads\/2024\/02\/tvb-vektor2020-4c-Transparent.svg","width":309,"height":396,"caption":"Badminton - TV 1862 Bensheim e.V"},"image":{"@id":"https:\/\/tv-bensheim.de\/badminton\/#\/schema\/logo\/image\/"},"sameAs":["https:\/\/www.facebook.com\/tvbensheimbadminton","https:\/\/www.instagram.com\/tvbensheimbadminton"]},{"@type":"Person","@id":"https:\/\/tv-bensheim.de\/badminton\/#\/schema\/person\/d08d976de9daed147120bbc842964587","name":"admin","image":{"@type":"ImageObject","inLanguage":"de","@id":"https:\/\/tv-bensheim.de\/badminton\/#\/schema\/person\/image\/","url":"https:\/\/secure.gravatar.com\/avatar\/ea1cc042b124da9322e516a7a5fee9f5a1b8b3fdf83c2b14231d16f4bdb2df59?s=96&d=mm&r=g","contentUrl":"https:\/\/secure.gravatar.com\/avatar\/ea1cc042b124da9322e516a7a5fee9f5a1b8b3fdf83c2b14231d16f4bdb2df59?s=96&d=mm&r=g","caption":"admin"},"sameAs":["https:\/\/tv-bensheim.de\/badminton"],"url":"https:\/\/tv-bensheim.de\/badminton\/author\/kassenwart_e0lbkkgv\/"}]}},"_links":{"self":[{"href":"https:\/\/tv-bensheim.de\/badminton\/wp-json\/wp\/v2\/posts\/6709","targetHints":{"allow":["GET"]}}],"collection":[{"href":"https:\/\/tv-bensheim.de\/badminton\/wp-json\/wp\/v2\/posts"}],"about":[{"href":"https:\/\/tv-bensheim.de\/badminton\/wp-json\/wp\/v2\/types\/post"}],"author":[{"embeddable":true,"href":"https:\/\/tv-bensheim.de\/badminton\/wp-json\/wp\/v2\/users\/1"}],"replies":[{"embeddable":true,"href":"https:\/\/tv-bensheim.de\/badminton\/wp-json\/wp\/v2\/comments?post=6709"}],"version-history":[{"count":0,"href":"https:\/\/tv-bensheim.de\/badminton\/wp-json\/wp\/v2\/posts\/6709\/revisions"}],"wp:attachment":[{"href":"https:\/\/tv-bensheim.de\/badminton\/wp-json\/wp\/v2\/media?parent=6709"}],"wp:term":[{"taxonomy":"category","embeddable":true,"href":"https:\/\/tv-bensheim.de\/badminton\/wp-json\/wp\/v2\/categories?post=6709"},{"taxonomy":"post_tag","embeddable":true,"href":"https:\/\/tv-bensheim.de\/badminton\/wp-json\/wp\/v2\/tags?post=6709"}],"curies":[{"name":"wp","href":"https:\/\/api.w.org\/{rel}","templated":true}]}}