{"id":6694,"date":"2020-02-04T14:37:03","date_gmt":"2020-02-04T13:37:03","guid":{"rendered":"https:\/\/tv-bensheim.de\/ehrung-fuer-erfolgreiche-saison\/"},"modified":"2020-02-04T14:37:03","modified_gmt":"2020-02-04T13:37:03","slug":"ehrung-fuer-erfolgreiche-saison","status":"publish","type":"post","link":"https:\/\/tv-bensheim.de\/badminton\/ehrung-fuer-erfolgreiche-saison\/","title":{"rendered":"Ehrung f\u00fcr erfolgreiche Saison"},"content":{"rendered":"<p>Am Sonntag fand die allj\u00e4hrliche Sportlerehrung der Stadt Bensheim statt. Zus\u00e4tzlich zu den Erfolgen im Einzel, Doppel und Mix konnte diesmal auch die zweite Mannschaft den \u00f6ffentlichen Ruhm f\u00fcr die vergangene Saison mit Meisterschaft in der Bezirksoberliga einstreichen und wurde zudem zur Wahl der Mannschaft des Jahres in Bensheim vorgeschlagen.<br \/>\nBei den Einzelsportlern konnten dieses Mal wieder Erfolge bis zu den Deutschen Meisteschaften errungen werden. Bodo Dernbach wurde Dritter im Doppel und F\u00fcnfter im Einzel, was die Qualifikation zur Weltmeisterschaft bedeutete. Christine Kr\u00fcll belegte im Doppel und Mix jeweils Platz F\u00fcnf. Auf S\u00fcdwestdeutscher Ebene kamen weiter Erfolge bis hin zum Titel hinzu. Hierbei wurden Peter Woitas, J\u00f6rg Paulin, Sascha Massoth und Hans Hermann Grieser geehrt. Auf Hessischer Ebene erzielten zus\u00e4tzlich Katja Renkewitz und Christian Scheele bedeutende Erfolge. Chiara Tempel und Joann Taylor wurden f\u00fcr ihren Titel bei den Bezirksmeisterschaften geehrt.<br \/>\nZus\u00e4tzlich zu den zweiten Pl\u00e4tzen der ersten, vierten und sechsten Mannschaft, die f\u00fcr die Vierte und Sechste zugleich den Aufstieg bedeuteten, errang die Zweite die Meisterschaft und stieg in die Verbandsliga auf. Bei der Wahl zur Mannschaft des Jahres gelang zudem ein dritter Platz, was aufgrund der eher kleinen Lobby des Badminton als gro\u00dfer Erfolg zu werten ist. Es spielten Brit K\u00f6hler, Katja Renkewitz, Vanessa Peters, Boris Rothermel, Martin Wagner, Willy Kosasih, Sebastian Sch\u00e4fer, Holm K\u00f6hler und J\u00f6rg Paulin<\/p>\n","protected":false},"excerpt":{"rendered":"<p>Am Sonntag fand die allj\u00e4hrliche Sportlerehrung der Stadt Bensheim statt. Zus\u00e4tzlich zu den Erfolgen im Einzel, Doppel und Mix konnte diesmal auch die zweite Mannschaft den \u00f6ffentlichen Ruhm f\u00fcr die vergangene Saison mit Meisterschaft in der Bezirksoberliga einstreichen und wurde&#8230;<br \/><a class=\"read-more-button\" href=\"https:\/\/tv-bensheim.de\/2020\/02\/04\/ehrung-fuer-erfolgreiche-saison\/\">Mehr Lesen<\/a><\/p>\n","protected":false},"author":1,"featured_media":0,"comment_status":"open","ping_status":"closed","sticky":false,"template":"","format":"standard","meta":{"footnotes":""},"categories":[1],"tags":[],"class_list":["post-6694","post","type-post","status-publish","format-standard","hentry","category-uncategorized","category-1","description-off"],"yoast_head":"<!-- This site is optimized with the Yoast SEO plugin v26.9 - https:\/\/yoast.com\/product\/yoast-seo-wordpress\/ -->\n<title>Ehrung f\u00fcr erfolgreiche Saison - Badminton - TV 1862 Bensheim e.V<\/title>\n<meta name=\"robots\" content=\"index, follow, max-snippet:-1, max-image-preview:large, max-video-preview:-1\" \/>\n<link rel=\"canonical\" href=\"https:\/\/tv-bensheim.de\/badminton\/ehrung-fuer-erfolgreiche-saison\/\" \/>\n<meta property=\"og:locale\" content=\"de_DE\" \/>\n<meta property=\"og:type\" content=\"article\" \/>\n<meta property=\"og:title\" content=\"Ehrung f\u00fcr erfolgreiche Saison - Badminton - TV 1862 Bensheim e.V\" \/>\n<meta property=\"og:description\" content=\"Am Sonntag fand die allj\u00e4hrliche Sportlerehrung der Stadt Bensheim statt. Zus\u00e4tzlich zu den Erfolgen im Einzel, Doppel und Mix konnte diesmal auch die zweite Mannschaft den \u00f6ffentlichen Ruhm f\u00fcr die vergangene Saison mit Meisterschaft in der Bezirksoberliga einstreichen und wurde&#8230;Mehr Lesen\" \/>\n<meta property=\"og:url\" content=\"https:\/\/tv-bensheim.de\/badminton\/ehrung-fuer-erfolgreiche-saison\/\" \/>\n<meta property=\"og:site_name\" content=\"Badminton - TV 1862 Bensheim e.V\" \/>\n<meta property=\"article:publisher\" content=\"https:\/\/www.facebook.com\/tvbensheimbadminton\" \/>\n<meta property=\"article:published_time\" content=\"2020-02-04T13:37:03+00:00\" \/>\n<meta name=\"author\" content=\"admin\" \/>\n<script type=\"application\/ld+json\" class=\"yoast-schema-graph\">{\"@context\":\"https:\/\/schema.org\",\"@graph\":[{\"@type\":\"Article\",\"@id\":\"https:\/\/tv-bensheim.de\/badminton\/ehrung-fuer-erfolgreiche-saison\/#article\",\"isPartOf\":{\"@id\":\"https:\/\/tv-bensheim.de\/badminton\/ehrung-fuer-erfolgreiche-saison\/\"},\"author\":{\"name\":\"admin\",\"@id\":\"https:\/\/tv-bensheim.de\/badminton\/#\/schema\/person\/d08d976de9daed147120bbc842964587\"},\"headline\":\"Ehrung f\u00fcr erfolgreiche Saison\",\"datePublished\":\"2020-02-04T13:37:03+00:00\",\"mainEntityOfPage\":{\"@id\":\"https:\/\/tv-bensheim.de\/badminton\/ehrung-fuer-erfolgreiche-saison\/\"},\"wordCount\":242,\"commentCount\":0,\"publisher\":{\"@id\":\"https:\/\/tv-bensheim.de\/badminton\/#organization\"},\"articleSection\":[\"Uncategorized\"],\"inLanguage\":\"de\",\"potentialAction\":[{\"@type\":\"CommentAction\",\"name\":\"Comment\",\"target\":[\"https:\/\/tv-bensheim.de\/badminton\/ehrung-fuer-erfolgreiche-saison\/#respond\"]}]},{\"@type\":\"WebPage\",\"@id\":\"https:\/\/tv-bensheim.de\/badminton\/ehrung-fuer-erfolgreiche-saison\/\",\"url\":\"https:\/\/tv-bensheim.de\/badminton\/ehrung-fuer-erfolgreiche-saison\/\",\"name\":\"Ehrung f\u00fcr erfolgreiche Saison - Badminton - TV 1862 Bensheim e.V\",\"isPartOf\":{\"@id\":\"https:\/\/tv-bensheim.de\/badminton\/#website\"},\"datePublished\":\"2020-02-04T13:37:03+00:00\",\"breadcrumb\":{\"@id\":\"https:\/\/tv-bensheim.de\/badminton\/ehrung-fuer-erfolgreiche-saison\/#breadcrumb\"},\"inLanguage\":\"de\",\"potentialAction\":[{\"@type\":\"ReadAction\",\"target\":[\"https:\/\/tv-bensheim.de\/badminton\/ehrung-fuer-erfolgreiche-saison\/\"]}]},{\"@type\":\"BreadcrumbList\",\"@id\":\"https:\/\/tv-bensheim.de\/badminton\/ehrung-fuer-erfolgreiche-saison\/#breadcrumb\",\"itemListElement\":[{\"@type\":\"ListItem\",\"position\":1,\"name\":\"Startseite\",\"item\":\"https:\/\/tv-bensheim.de\/badminton\/\"},{\"@type\":\"ListItem\",\"position\":2,\"name\":\"Ehrung f\u00fcr erfolgreiche Saison\"}]},{\"@type\":\"WebSite\",\"@id\":\"https:\/\/tv-bensheim.de\/badminton\/#website\",\"url\":\"https:\/\/tv-bensheim.de\/badminton\/\",\"name\":\"Badminton - TV 1862 Bensheim e.V\",\"description\":\"Alle Angebote der Badmintonabteilung des TV 1862 Bensheim e.V\",\"publisher\":{\"@id\":\"https:\/\/tv-bensheim.de\/badminton\/#organization\"},\"potentialAction\":[{\"@type\":\"SearchAction\",\"target\":{\"@type\":\"EntryPoint\",\"urlTemplate\":\"https:\/\/tv-bensheim.de\/badminton\/?s={search_term_string}\"},\"query-input\":{\"@type\":\"PropertyValueSpecification\",\"valueRequired\":true,\"valueName\":\"search_term_string\"}}],\"inLanguage\":\"de\"},{\"@type\":\"Organization\",\"@id\":\"https:\/\/tv-bensheim.de\/badminton\/#organization\",\"name\":\"Badminton - TV 1862 Bensheim e.V\",\"url\":\"https:\/\/tv-bensheim.de\/badminton\/\",\"logo\":{\"@type\":\"ImageObject\",\"inLanguage\":\"de\",\"@id\":\"https:\/\/tv-bensheim.de\/badminton\/#\/schema\/logo\/image\/\",\"url\":\"https:\/\/tv-bensheim.de\/badminton\/wp-content\/uploads\/2024\/02\/tvb-vektor2020-4c-Transparent.svg\",\"contentUrl\":\"https:\/\/tv-bensheim.de\/badminton\/wp-content\/uploads\/2024\/02\/tvb-vektor2020-4c-Transparent.svg\",\"width\":309,\"height\":396,\"caption\":\"Badminton - TV 1862 Bensheim e.V\"},\"image\":{\"@id\":\"https:\/\/tv-bensheim.de\/badminton\/#\/schema\/logo\/image\/\"},\"sameAs\":[\"https:\/\/www.facebook.com\/tvbensheimbadminton\",\"https:\/\/www.instagram.com\/tvbensheimbadminton\"]},{\"@type\":\"Person\",\"@id\":\"https:\/\/tv-bensheim.de\/badminton\/#\/schema\/person\/d08d976de9daed147120bbc842964587\",\"name\":\"admin\",\"image\":{\"@type\":\"ImageObject\",\"inLanguage\":\"de\",\"@id\":\"https:\/\/tv-bensheim.de\/badminton\/#\/schema\/person\/image\/\",\"url\":\"https:\/\/secure.gravatar.com\/avatar\/ea1cc042b124da9322e516a7a5fee9f5a1b8b3fdf83c2b14231d16f4bdb2df59?s=96&d=mm&r=g\",\"contentUrl\":\"https:\/\/secure.gravatar.com\/avatar\/ea1cc042b124da9322e516a7a5fee9f5a1b8b3fdf83c2b14231d16f4bdb2df59?s=96&d=mm&r=g\",\"caption\":\"admin\"},\"sameAs\":[\"https:\/\/tv-bensheim.de\/badminton\"],\"url\":\"https:\/\/tv-bensheim.de\/badminton\/author\/kassenwart_e0lbkkgv\/\"}]}<\/script>\n<!-- \/ Yoast SEO plugin. -->","yoast_head_json":{"title":"Ehrung f\u00fcr erfolgreiche Saison - Badminton - TV 1862 Bensheim e.V","robots":{"index":"index","follow":"follow","max-snippet":"max-snippet:-1","max-image-preview":"max-image-preview:large","max-video-preview":"max-video-preview:-1"},"canonical":"https:\/\/tv-bensheim.de\/badminton\/ehrung-fuer-erfolgreiche-saison\/","og_locale":"de_DE","og_type":"article","og_title":"Ehrung f\u00fcr erfolgreiche Saison - Badminton - TV 1862 Bensheim e.V","og_description":"Am Sonntag fand die allj\u00e4hrliche Sportlerehrung der Stadt Bensheim statt. Zus\u00e4tzlich zu den Erfolgen im Einzel, Doppel und Mix konnte diesmal auch die zweite Mannschaft den \u00f6ffentlichen Ruhm f\u00fcr die vergangene Saison mit Meisterschaft in der Bezirksoberliga einstreichen und wurde&#8230;Mehr Lesen","og_url":"https:\/\/tv-bensheim.de\/badminton\/ehrung-fuer-erfolgreiche-saison\/","og_site_name":"Badminton - TV 1862 Bensheim e.V","article_publisher":"https:\/\/www.facebook.com\/tvbensheimbadminton","article_published_time":"2020-02-04T13:37:03+00:00","author":"admin","schema":{"@context":"https:\/\/schema.org","@graph":[{"@type":"Article","@id":"https:\/\/tv-bensheim.de\/badminton\/ehrung-fuer-erfolgreiche-saison\/#article","isPartOf":{"@id":"https:\/\/tv-bensheim.de\/badminton\/ehrung-fuer-erfolgreiche-saison\/"},"author":{"name":"admin","@id":"https:\/\/tv-bensheim.de\/badminton\/#\/schema\/person\/d08d976de9daed147120bbc842964587"},"headline":"Ehrung f\u00fcr erfolgreiche Saison","datePublished":"2020-02-04T13:37:03+00:00","mainEntityOfPage":{"@id":"https:\/\/tv-bensheim.de\/badminton\/ehrung-fuer-erfolgreiche-saison\/"},"wordCount":242,"commentCount":0,"publisher":{"@id":"https:\/\/tv-bensheim.de\/badminton\/#organization"},"articleSection":["Uncategorized"],"inLanguage":"de","potentialAction":[{"@type":"CommentAction","name":"Comment","target":["https:\/\/tv-bensheim.de\/badminton\/ehrung-fuer-erfolgreiche-saison\/#respond"]}]},{"@type":"WebPage","@id":"https:\/\/tv-bensheim.de\/badminton\/ehrung-fuer-erfolgreiche-saison\/","url":"https:\/\/tv-bensheim.de\/badminton\/ehrung-fuer-erfolgreiche-saison\/","name":"Ehrung f\u00fcr erfolgreiche Saison - Badminton - TV 1862 Bensheim e.V","isPartOf":{"@id":"https:\/\/tv-bensheim.de\/badminton\/#website"},"datePublished":"2020-02-04T13:37:03+00:00","breadcrumb":{"@id":"https:\/\/tv-bensheim.de\/badminton\/ehrung-fuer-erfolgreiche-saison\/#breadcrumb"},"inLanguage":"de","potentialAction":[{"@type":"ReadAction","target":["https:\/\/tv-bensheim.de\/badminton\/ehrung-fuer-erfolgreiche-saison\/"]}]},{"@type":"BreadcrumbList","@id":"https:\/\/tv-bensheim.de\/badminton\/ehrung-fuer-erfolgreiche-saison\/#breadcrumb","itemListElement":[{"@type":"ListItem","position":1,"name":"Startseite","item":"https:\/\/tv-bensheim.de\/badminton\/"},{"@type":"ListItem","position":2,"name":"Ehrung f\u00fcr erfolgreiche Saison"}]},{"@type":"WebSite","@id":"https:\/\/tv-bensheim.de\/badminton\/#website","url":"https:\/\/tv-bensheim.de\/badminton\/","name":"Badminton - TV 1862 Bensheim e.V","description":"Alle Angebote der Badmintonabteilung des TV 1862 Bensheim e.V","publisher":{"@id":"https:\/\/tv-bensheim.de\/badminton\/#organization"},"potentialAction":[{"@type":"SearchAction","target":{"@type":"EntryPoint","urlTemplate":"https:\/\/tv-bensheim.de\/badminton\/?s={search_term_string}"},"query-input":{"@type":"PropertyValueSpecification","valueRequired":true,"valueName":"search_term_string"}}],"inLanguage":"de"},{"@type":"Organization","@id":"https:\/\/tv-bensheim.de\/badminton\/#organization","name":"Badminton - TV 1862 Bensheim e.V","url":"https:\/\/tv-bensheim.de\/badminton\/","logo":{"@type":"ImageObject","inLanguage":"de","@id":"https:\/\/tv-bensheim.de\/badminton\/#\/schema\/logo\/image\/","url":"https:\/\/tv-bensheim.de\/badminton\/wp-content\/uploads\/2024\/02\/tvb-vektor2020-4c-Transparent.svg","contentUrl":"https:\/\/tv-bensheim.de\/badminton\/wp-content\/uploads\/2024\/02\/tvb-vektor2020-4c-Transparent.svg","width":309,"height":396,"caption":"Badminton - TV 1862 Bensheim e.V"},"image":{"@id":"https:\/\/tv-bensheim.de\/badminton\/#\/schema\/logo\/image\/"},"sameAs":["https:\/\/www.facebook.com\/tvbensheimbadminton","https:\/\/www.instagram.com\/tvbensheimbadminton"]},{"@type":"Person","@id":"https:\/\/tv-bensheim.de\/badminton\/#\/schema\/person\/d08d976de9daed147120bbc842964587","name":"admin","image":{"@type":"ImageObject","inLanguage":"de","@id":"https:\/\/tv-bensheim.de\/badminton\/#\/schema\/person\/image\/","url":"https:\/\/secure.gravatar.com\/avatar\/ea1cc042b124da9322e516a7a5fee9f5a1b8b3fdf83c2b14231d16f4bdb2df59?s=96&d=mm&r=g","contentUrl":"https:\/\/secure.gravatar.com\/avatar\/ea1cc042b124da9322e516a7a5fee9f5a1b8b3fdf83c2b14231d16f4bdb2df59?s=96&d=mm&r=g","caption":"admin"},"sameAs":["https:\/\/tv-bensheim.de\/badminton"],"url":"https:\/\/tv-bensheim.de\/badminton\/author\/kassenwart_e0lbkkgv\/"}]}},"_links":{"self":[{"href":"https:\/\/tv-bensheim.de\/badminton\/wp-json\/wp\/v2\/posts\/6694","targetHints":{"allow":["GET"]}}],"collection":[{"href":"https:\/\/tv-bensheim.de\/badminton\/wp-json\/wp\/v2\/posts"}],"about":[{"href":"https:\/\/tv-bensheim.de\/badminton\/wp-json\/wp\/v2\/types\/post"}],"author":[{"embeddable":true,"href":"https:\/\/tv-bensheim.de\/badminton\/wp-json\/wp\/v2\/users\/1"}],"replies":[{"embeddable":true,"href":"https:\/\/tv-bensheim.de\/badminton\/wp-json\/wp\/v2\/comments?post=6694"}],"version-history":[{"count":0,"href":"https:\/\/tv-bensheim.de\/badminton\/wp-json\/wp\/v2\/posts\/6694\/revisions"}],"wp:attachment":[{"href":"https:\/\/tv-bensheim.de\/badminton\/wp-json\/wp\/v2\/media?parent=6694"}],"wp:term":[{"taxonomy":"category","embeddable":true,"href":"https:\/\/tv-bensheim.de\/badminton\/wp-json\/wp\/v2\/categories?post=6694"},{"taxonomy":"post_tag","embeddable":true,"href":"https:\/\/tv-bensheim.de\/badminton\/wp-json\/wp\/v2\/tags?post=6694"}],"curies":[{"name":"wp","href":"https:\/\/api.w.org\/{rel}","templated":true}]}}