{"id":6685,"date":"2020-06-18T17:48:41","date_gmt":"2020-06-18T16:48:41","guid":{"rendered":"https:\/\/tv-bensheim.de\/camp-1-badminton-in-bensheim-ist-wieder-on\/"},"modified":"2020-06-18T17:48:41","modified_gmt":"2020-06-18T16:48:41","slug":"camp-1-badminton-in-bensheim-ist-wieder-on","status":"publish","type":"post","link":"https:\/\/tv-bensheim.de\/badminton\/camp-1-badminton-in-bensheim-ist-wieder-on\/","title":{"rendered":"Camp 1 \u2013 Badminton in Bensheim ist wieder ON"},"content":{"rendered":"<p>Es ist Sonntagnachmittag und Natascha ist ersch\u00f6pft. Drei ganze Tage und nun hat sie auch noch den Sonntag in der Weststadthalle Badminton gespielt und sp\u00fcrt jeden Knochen. Seit dem 28. Mai fliegen die B\u00e4lle wieder im Badminton &#8211; wenn auch nur unter strengen Auflagen. Und gleich gelang es dem TV Bensheim vom 11.-14. Juni Badminton auf hohem Niveau anzubieten.<br \/>\nDiesmal ging es um ein seit geraumer Zeit geplantes hochklassiges Trainingscamp mit dem ehemaligen Nationalcoach Hans Werner Niesner. In intensiven Trainingssessions konnten 18 Badmintonfans aus der Region ihre technischen und taktischen F\u00e4higkeiten ausbauen. Unterst\u00fctzt als Sponsoren haben die Veranstaltung die Unternehmen Yonex, Babolat und Oliver. Eigens hierf\u00fcr hat Organisator J\u00f6rg Paulin ein Hygienekonzept entwickelt und mit der Stadt kurzfristig abgestimmt. Chefcoach Hans Werner Niesner &#8211; bei den \u00dcbungen unterst\u00fctzt von den Trainern J\u00f6rg Paulin und Ren\u00e9 Guiard &#8211; ist mit dem Verlauf hochzufrieden.<br \/>\n\u201eDie akribische und laufend angepasste Vorbereitung vor dem Hintergrund st\u00e4ndig wechselnder Rahmenbedingungen war aller M\u00fchen wert. Es hat letztendlich hervorragend funktioniert; herzlichen Gl\u00fcckwunsch und vielen Dank daf\u00fcr!\u201c<br \/>\nAuch Natascha ist glu\u0308cklich. Trotz teilweise sehr anstrengender Einheiten gibt es keine Ausf\u00e4lle, lediglich zwei Teilnehmer reduzieren etwas den Umfang, aber Aha-Erlebnisse, sowie viele neue Erkenntnisse f\u00fcr das eigene Badmintonspiel werden gewonnen. Der Tenor ist klar: unter den Umst\u00e4nden und der allgemeinen Situation war es eine gute Entscheidung, das Camp stattfinden zu lassen und nicht den einfachen Weg des geringsten Widerstands &#8211; n\u00e4mlich das Event abzusagen &#8211; zu gehen.<br \/>\nPositive R\u00fcckmeldung \u00fcber den Verlauf des Trainings seitens der Teilnehmer waren zum einen die entspannte Atmosph\u00e4re f\u00fcr die J\u00f6rg Ren\u00e9 und HW sorgten und die Zeit, die sie sich nahmen, um die Technikanalyse per Video auszuwerten, um somit individuelle Technikfehler bei den Spielern auszumerzen. Des Weiteren wurde begr\u00fc\u00dft, dass sich die Trainer auf die Feinheiten konzentriert haben, weil das am Ende doch den kleinen, aber wichtigen Unterschied macht \u2013 insbesondere bei denjenigen, die sehr gut und in den oberen Klassen spielen. Auch die tolle Organisation wurde anerkennend erw\u00e4hnt, dass trotz Corona so ein Camp erfolgreich m\u00f6glich war.<\/p>\n<p>Das l\u00e4sst f\u00fcr die weitere Entwicklung hoffen, denn trotz Corona hei\u00dft es nun: \u201eBadminton is back!\u201c<\/p>\n<p>Foto: Das Trainerteam von links: J\u00f6rg Paulin, Hans Werner Niesner und Ren\u00e9 Guiard<br \/>\nText: J\u00f6rg Paulin &amp; Jost Winnem\u00f6ller<\/p>\n<p><img fetchpriority=\"high\" decoding=\"async\" class=\"alignnone wp-image-2478 \" src=\"https:\/\/tv-bensheim.de\/wp-content\/uploads\/2020\/06\/WhatsApp-Image-2020-06-18-at-21.26.38.jpeg\" alt=\"\" width=\"994\" height=\"745\" data-id=\"2478\" \/><\/p>\n","protected":false},"excerpt":{"rendered":"<p>Es ist Sonntagnachmittag und Natascha ist ersch\u00f6pft. Drei ganze Tage und nun hat sie auch noch den Sonntag in der Weststadthalle Badminton gespielt und sp\u00fcrt jeden Knochen. Seit dem 28. Mai fliegen die B\u00e4lle wieder im Badminton &#8211; wenn auch&#8230;<br \/><a class=\"read-more-button\" href=\"https:\/\/tv-bensheim.de\/2020\/06\/18\/camp-1-badminton-in-bensheim-ist-wieder-on\/\">Mehr Lesen<\/a><\/p>\n","protected":false},"author":1,"featured_media":0,"comment_status":"open","ping_status":"closed","sticky":false,"template":"","format":"standard","meta":{"footnotes":""},"categories":[1],"tags":[],"class_list":["post-6685","post","type-post","status-publish","format-standard","hentry","category-uncategorized","category-1","description-off"],"yoast_head":"<!-- This site is optimized with the Yoast SEO plugin v26.9 - https:\/\/yoast.com\/product\/yoast-seo-wordpress\/ -->\n<title>Camp 1 \u2013 Badminton in Bensheim ist wieder ON - Badminton - TV 1862 Bensheim e.V<\/title>\n<meta name=\"robots\" content=\"index, follow, max-snippet:-1, max-image-preview:large, max-video-preview:-1\" \/>\n<link rel=\"canonical\" href=\"https:\/\/tv-bensheim.de\/badminton\/camp-1-badminton-in-bensheim-ist-wieder-on\/\" \/>\n<meta property=\"og:locale\" content=\"de_DE\" \/>\n<meta property=\"og:type\" content=\"article\" \/>\n<meta property=\"og:title\" content=\"Camp 1 \u2013 Badminton in Bensheim ist wieder ON - Badminton - TV 1862 Bensheim e.V\" \/>\n<meta property=\"og:description\" content=\"Es ist Sonntagnachmittag und Natascha ist ersch\u00f6pft. Drei ganze Tage und nun hat sie auch noch den Sonntag in der Weststadthalle Badminton gespielt und sp\u00fcrt jeden Knochen. Seit dem 28. Mai fliegen die B\u00e4lle wieder im Badminton &#8211; wenn auch&#8230;Mehr Lesen\" \/>\n<meta property=\"og:url\" content=\"https:\/\/tv-bensheim.de\/badminton\/camp-1-badminton-in-bensheim-ist-wieder-on\/\" \/>\n<meta property=\"og:site_name\" content=\"Badminton - TV 1862 Bensheim e.V\" \/>\n<meta property=\"article:publisher\" content=\"https:\/\/www.facebook.com\/tvbensheimbadminton\" \/>\n<meta property=\"article:published_time\" content=\"2020-06-18T16:48:41+00:00\" \/>\n<meta property=\"og:image\" content=\"https:\/\/tv-bensheim.de\/wp-content\/uploads\/2020\/06\/WhatsApp-Image-2020-06-18-at-21.26.38.jpeg\" \/>\n<meta name=\"author\" content=\"admin\" \/>\n<script type=\"application\/ld+json\" class=\"yoast-schema-graph\">{\"@context\":\"https:\/\/schema.org\",\"@graph\":[{\"@type\":\"Article\",\"@id\":\"https:\/\/tv-bensheim.de\/badminton\/camp-1-badminton-in-bensheim-ist-wieder-on\/#article\",\"isPartOf\":{\"@id\":\"https:\/\/tv-bensheim.de\/badminton\/camp-1-badminton-in-bensheim-ist-wieder-on\/\"},\"author\":{\"name\":\"admin\",\"@id\":\"https:\/\/tv-bensheim.de\/badminton\/#\/schema\/person\/d08d976de9daed147120bbc842964587\"},\"headline\":\"Camp 1 \u2013 Badminton in Bensheim ist wieder ON\",\"datePublished\":\"2020-06-18T16:48:41+00:00\",\"mainEntityOfPage\":{\"@id\":\"https:\/\/tv-bensheim.de\/badminton\/camp-1-badminton-in-bensheim-ist-wieder-on\/\"},\"wordCount\":405,\"commentCount\":0,\"publisher\":{\"@id\":\"https:\/\/tv-bensheim.de\/badminton\/#organization\"},\"image\":{\"@id\":\"https:\/\/tv-bensheim.de\/badminton\/camp-1-badminton-in-bensheim-ist-wieder-on\/#primaryimage\"},\"thumbnailUrl\":\"https:\/\/tv-bensheim.de\/wp-content\/uploads\/2020\/06\/WhatsApp-Image-2020-06-18-at-21.26.38.jpeg\",\"articleSection\":[\"Uncategorized\"],\"inLanguage\":\"de\",\"potentialAction\":[{\"@type\":\"CommentAction\",\"name\":\"Comment\",\"target\":[\"https:\/\/tv-bensheim.de\/badminton\/camp-1-badminton-in-bensheim-ist-wieder-on\/#respond\"]}]},{\"@type\":\"WebPage\",\"@id\":\"https:\/\/tv-bensheim.de\/badminton\/camp-1-badminton-in-bensheim-ist-wieder-on\/\",\"url\":\"https:\/\/tv-bensheim.de\/badminton\/camp-1-badminton-in-bensheim-ist-wieder-on\/\",\"name\":\"Camp 1 \u2013 Badminton in Bensheim ist wieder ON - Badminton - TV 1862 Bensheim e.V\",\"isPartOf\":{\"@id\":\"https:\/\/tv-bensheim.de\/badminton\/#website\"},\"primaryImageOfPage\":{\"@id\":\"https:\/\/tv-bensheim.de\/badminton\/camp-1-badminton-in-bensheim-ist-wieder-on\/#primaryimage\"},\"image\":{\"@id\":\"https:\/\/tv-bensheim.de\/badminton\/camp-1-badminton-in-bensheim-ist-wieder-on\/#primaryimage\"},\"thumbnailUrl\":\"https:\/\/tv-bensheim.de\/wp-content\/uploads\/2020\/06\/WhatsApp-Image-2020-06-18-at-21.26.38.jpeg\",\"datePublished\":\"2020-06-18T16:48:41+00:00\",\"breadcrumb\":{\"@id\":\"https:\/\/tv-bensheim.de\/badminton\/camp-1-badminton-in-bensheim-ist-wieder-on\/#breadcrumb\"},\"inLanguage\":\"de\",\"potentialAction\":[{\"@type\":\"ReadAction\",\"target\":[\"https:\/\/tv-bensheim.de\/badminton\/camp-1-badminton-in-bensheim-ist-wieder-on\/\"]}]},{\"@type\":\"ImageObject\",\"inLanguage\":\"de\",\"@id\":\"https:\/\/tv-bensheim.de\/badminton\/camp-1-badminton-in-bensheim-ist-wieder-on\/#primaryimage\",\"url\":\"https:\/\/tv-bensheim.de\/wp-content\/uploads\/2020\/06\/WhatsApp-Image-2020-06-18-at-21.26.38.jpeg\",\"contentUrl\":\"https:\/\/tv-bensheim.de\/wp-content\/uploads\/2020\/06\/WhatsApp-Image-2020-06-18-at-21.26.38.jpeg\"},{\"@type\":\"BreadcrumbList\",\"@id\":\"https:\/\/tv-bensheim.de\/badminton\/camp-1-badminton-in-bensheim-ist-wieder-on\/#breadcrumb\",\"itemListElement\":[{\"@type\":\"ListItem\",\"position\":1,\"name\":\"Startseite\",\"item\":\"https:\/\/tv-bensheim.de\/badminton\/\"},{\"@type\":\"ListItem\",\"position\":2,\"name\":\"Camp 1 \u2013 Badminton in Bensheim ist wieder ON\"}]},{\"@type\":\"WebSite\",\"@id\":\"https:\/\/tv-bensheim.de\/badminton\/#website\",\"url\":\"https:\/\/tv-bensheim.de\/badminton\/\",\"name\":\"Badminton - TV 1862 Bensheim e.V\",\"description\":\"Alle Angebote der Badmintonabteilung des TV 1862 Bensheim e.V\",\"publisher\":{\"@id\":\"https:\/\/tv-bensheim.de\/badminton\/#organization\"},\"potentialAction\":[{\"@type\":\"SearchAction\",\"target\":{\"@type\":\"EntryPoint\",\"urlTemplate\":\"https:\/\/tv-bensheim.de\/badminton\/?s={search_term_string}\"},\"query-input\":{\"@type\":\"PropertyValueSpecification\",\"valueRequired\":true,\"valueName\":\"search_term_string\"}}],\"inLanguage\":\"de\"},{\"@type\":\"Organization\",\"@id\":\"https:\/\/tv-bensheim.de\/badminton\/#organization\",\"name\":\"Badminton - TV 1862 Bensheim e.V\",\"url\":\"https:\/\/tv-bensheim.de\/badminton\/\",\"logo\":{\"@type\":\"ImageObject\",\"inLanguage\":\"de\",\"@id\":\"https:\/\/tv-bensheim.de\/badminton\/#\/schema\/logo\/image\/\",\"url\":\"https:\/\/tv-bensheim.de\/badminton\/wp-content\/uploads\/2024\/02\/tvb-vektor2020-4c-Transparent.svg\",\"contentUrl\":\"https:\/\/tv-bensheim.de\/badminton\/wp-content\/uploads\/2024\/02\/tvb-vektor2020-4c-Transparent.svg\",\"width\":309,\"height\":396,\"caption\":\"Badminton - TV 1862 Bensheim e.V\"},\"image\":{\"@id\":\"https:\/\/tv-bensheim.de\/badminton\/#\/schema\/logo\/image\/\"},\"sameAs\":[\"https:\/\/www.facebook.com\/tvbensheimbadminton\",\"https:\/\/www.instagram.com\/tvbensheimbadminton\"]},{\"@type\":\"Person\",\"@id\":\"https:\/\/tv-bensheim.de\/badminton\/#\/schema\/person\/d08d976de9daed147120bbc842964587\",\"name\":\"admin\",\"image\":{\"@type\":\"ImageObject\",\"inLanguage\":\"de\",\"@id\":\"https:\/\/tv-bensheim.de\/badminton\/#\/schema\/person\/image\/\",\"url\":\"https:\/\/secure.gravatar.com\/avatar\/ea1cc042b124da9322e516a7a5fee9f5a1b8b3fdf83c2b14231d16f4bdb2df59?s=96&d=mm&r=g\",\"contentUrl\":\"https:\/\/secure.gravatar.com\/avatar\/ea1cc042b124da9322e516a7a5fee9f5a1b8b3fdf83c2b14231d16f4bdb2df59?s=96&d=mm&r=g\",\"caption\":\"admin\"},\"sameAs\":[\"https:\/\/tv-bensheim.de\/badminton\"],\"url\":\"https:\/\/tv-bensheim.de\/badminton\/author\/kassenwart_e0lbkkgv\/\"}]}<\/script>\n<!-- \/ Yoast SEO plugin. -->","yoast_head_json":{"title":"Camp 1 \u2013 Badminton in Bensheim ist wieder ON - Badminton - TV 1862 Bensheim e.V","robots":{"index":"index","follow":"follow","max-snippet":"max-snippet:-1","max-image-preview":"max-image-preview:large","max-video-preview":"max-video-preview:-1"},"canonical":"https:\/\/tv-bensheim.de\/badminton\/camp-1-badminton-in-bensheim-ist-wieder-on\/","og_locale":"de_DE","og_type":"article","og_title":"Camp 1 \u2013 Badminton in Bensheim ist wieder ON - Badminton - TV 1862 Bensheim e.V","og_description":"Es ist Sonntagnachmittag und Natascha ist ersch\u00f6pft. Drei ganze Tage und nun hat sie auch noch den Sonntag in der Weststadthalle Badminton gespielt und sp\u00fcrt jeden Knochen. Seit dem 28. Mai fliegen die B\u00e4lle wieder im Badminton &#8211; wenn auch&#8230;Mehr Lesen","og_url":"https:\/\/tv-bensheim.de\/badminton\/camp-1-badminton-in-bensheim-ist-wieder-on\/","og_site_name":"Badminton - TV 1862 Bensheim e.V","article_publisher":"https:\/\/www.facebook.com\/tvbensheimbadminton","article_published_time":"2020-06-18T16:48:41+00:00","og_image":[{"url":"https:\/\/tv-bensheim.de\/wp-content\/uploads\/2020\/06\/WhatsApp-Image-2020-06-18-at-21.26.38.jpeg","type":"","width":"","height":""}],"author":"admin","schema":{"@context":"https:\/\/schema.org","@graph":[{"@type":"Article","@id":"https:\/\/tv-bensheim.de\/badminton\/camp-1-badminton-in-bensheim-ist-wieder-on\/#article","isPartOf":{"@id":"https:\/\/tv-bensheim.de\/badminton\/camp-1-badminton-in-bensheim-ist-wieder-on\/"},"author":{"name":"admin","@id":"https:\/\/tv-bensheim.de\/badminton\/#\/schema\/person\/d08d976de9daed147120bbc842964587"},"headline":"Camp 1 \u2013 Badminton in Bensheim ist wieder ON","datePublished":"2020-06-18T16:48:41+00:00","mainEntityOfPage":{"@id":"https:\/\/tv-bensheim.de\/badminton\/camp-1-badminton-in-bensheim-ist-wieder-on\/"},"wordCount":405,"commentCount":0,"publisher":{"@id":"https:\/\/tv-bensheim.de\/badminton\/#organization"},"image":{"@id":"https:\/\/tv-bensheim.de\/badminton\/camp-1-badminton-in-bensheim-ist-wieder-on\/#primaryimage"},"thumbnailUrl":"https:\/\/tv-bensheim.de\/wp-content\/uploads\/2020\/06\/WhatsApp-Image-2020-06-18-at-21.26.38.jpeg","articleSection":["Uncategorized"],"inLanguage":"de","potentialAction":[{"@type":"CommentAction","name":"Comment","target":["https:\/\/tv-bensheim.de\/badminton\/camp-1-badminton-in-bensheim-ist-wieder-on\/#respond"]}]},{"@type":"WebPage","@id":"https:\/\/tv-bensheim.de\/badminton\/camp-1-badminton-in-bensheim-ist-wieder-on\/","url":"https:\/\/tv-bensheim.de\/badminton\/camp-1-badminton-in-bensheim-ist-wieder-on\/","name":"Camp 1 \u2013 Badminton in Bensheim ist wieder ON - Badminton - TV 1862 Bensheim e.V","isPartOf":{"@id":"https:\/\/tv-bensheim.de\/badminton\/#website"},"primaryImageOfPage":{"@id":"https:\/\/tv-bensheim.de\/badminton\/camp-1-badminton-in-bensheim-ist-wieder-on\/#primaryimage"},"image":{"@id":"https:\/\/tv-bensheim.de\/badminton\/camp-1-badminton-in-bensheim-ist-wieder-on\/#primaryimage"},"thumbnailUrl":"https:\/\/tv-bensheim.de\/wp-content\/uploads\/2020\/06\/WhatsApp-Image-2020-06-18-at-21.26.38.jpeg","datePublished":"2020-06-18T16:48:41+00:00","breadcrumb":{"@id":"https:\/\/tv-bensheim.de\/badminton\/camp-1-badminton-in-bensheim-ist-wieder-on\/#breadcrumb"},"inLanguage":"de","potentialAction":[{"@type":"ReadAction","target":["https:\/\/tv-bensheim.de\/badminton\/camp-1-badminton-in-bensheim-ist-wieder-on\/"]}]},{"@type":"ImageObject","inLanguage":"de","@id":"https:\/\/tv-bensheim.de\/badminton\/camp-1-badminton-in-bensheim-ist-wieder-on\/#primaryimage","url":"https:\/\/tv-bensheim.de\/wp-content\/uploads\/2020\/06\/WhatsApp-Image-2020-06-18-at-21.26.38.jpeg","contentUrl":"https:\/\/tv-bensheim.de\/wp-content\/uploads\/2020\/06\/WhatsApp-Image-2020-06-18-at-21.26.38.jpeg"},{"@type":"BreadcrumbList","@id":"https:\/\/tv-bensheim.de\/badminton\/camp-1-badminton-in-bensheim-ist-wieder-on\/#breadcrumb","itemListElement":[{"@type":"ListItem","position":1,"name":"Startseite","item":"https:\/\/tv-bensheim.de\/badminton\/"},{"@type":"ListItem","position":2,"name":"Camp 1 \u2013 Badminton in Bensheim ist wieder ON"}]},{"@type":"WebSite","@id":"https:\/\/tv-bensheim.de\/badminton\/#website","url":"https:\/\/tv-bensheim.de\/badminton\/","name":"Badminton - TV 1862 Bensheim e.V","description":"Alle Angebote der Badmintonabteilung des TV 1862 Bensheim e.V","publisher":{"@id":"https:\/\/tv-bensheim.de\/badminton\/#organization"},"potentialAction":[{"@type":"SearchAction","target":{"@type":"EntryPoint","urlTemplate":"https:\/\/tv-bensheim.de\/badminton\/?s={search_term_string}"},"query-input":{"@type":"PropertyValueSpecification","valueRequired":true,"valueName":"search_term_string"}}],"inLanguage":"de"},{"@type":"Organization","@id":"https:\/\/tv-bensheim.de\/badminton\/#organization","name":"Badminton - TV 1862 Bensheim e.V","url":"https:\/\/tv-bensheim.de\/badminton\/","logo":{"@type":"ImageObject","inLanguage":"de","@id":"https:\/\/tv-bensheim.de\/badminton\/#\/schema\/logo\/image\/","url":"https:\/\/tv-bensheim.de\/badminton\/wp-content\/uploads\/2024\/02\/tvb-vektor2020-4c-Transparent.svg","contentUrl":"https:\/\/tv-bensheim.de\/badminton\/wp-content\/uploads\/2024\/02\/tvb-vektor2020-4c-Transparent.svg","width":309,"height":396,"caption":"Badminton - TV 1862 Bensheim e.V"},"image":{"@id":"https:\/\/tv-bensheim.de\/badminton\/#\/schema\/logo\/image\/"},"sameAs":["https:\/\/www.facebook.com\/tvbensheimbadminton","https:\/\/www.instagram.com\/tvbensheimbadminton"]},{"@type":"Person","@id":"https:\/\/tv-bensheim.de\/badminton\/#\/schema\/person\/d08d976de9daed147120bbc842964587","name":"admin","image":{"@type":"ImageObject","inLanguage":"de","@id":"https:\/\/tv-bensheim.de\/badminton\/#\/schema\/person\/image\/","url":"https:\/\/secure.gravatar.com\/avatar\/ea1cc042b124da9322e516a7a5fee9f5a1b8b3fdf83c2b14231d16f4bdb2df59?s=96&d=mm&r=g","contentUrl":"https:\/\/secure.gravatar.com\/avatar\/ea1cc042b124da9322e516a7a5fee9f5a1b8b3fdf83c2b14231d16f4bdb2df59?s=96&d=mm&r=g","caption":"admin"},"sameAs":["https:\/\/tv-bensheim.de\/badminton"],"url":"https:\/\/tv-bensheim.de\/badminton\/author\/kassenwart_e0lbkkgv\/"}]}},"_links":{"self":[{"href":"https:\/\/tv-bensheim.de\/badminton\/wp-json\/wp\/v2\/posts\/6685","targetHints":{"allow":["GET"]}}],"collection":[{"href":"https:\/\/tv-bensheim.de\/badminton\/wp-json\/wp\/v2\/posts"}],"about":[{"href":"https:\/\/tv-bensheim.de\/badminton\/wp-json\/wp\/v2\/types\/post"}],"author":[{"embeddable":true,"href":"https:\/\/tv-bensheim.de\/badminton\/wp-json\/wp\/v2\/users\/1"}],"replies":[{"embeddable":true,"href":"https:\/\/tv-bensheim.de\/badminton\/wp-json\/wp\/v2\/comments?post=6685"}],"version-history":[{"count":0,"href":"https:\/\/tv-bensheim.de\/badminton\/wp-json\/wp\/v2\/posts\/6685\/revisions"}],"wp:attachment":[{"href":"https:\/\/tv-bensheim.de\/badminton\/wp-json\/wp\/v2\/media?parent=6685"}],"wp:term":[{"taxonomy":"category","embeddable":true,"href":"https:\/\/tv-bensheim.de\/badminton\/wp-json\/wp\/v2\/categories?post=6685"},{"taxonomy":"post_tag","embeddable":true,"href":"https:\/\/tv-bensheim.de\/badminton\/wp-json\/wp\/v2\/tags?post=6685"}],"curies":[{"name":"wp","href":"https:\/\/api.w.org\/{rel}","templated":true}]}}