{"id":6657,"date":"2022-06-03T13:51:12","date_gmt":"2022-06-03T12:51:12","guid":{"rendered":"https:\/\/tv-bensheim.de\/camp-mit-hans-werner-niesner-in-lampertheim\/"},"modified":"2022-06-03T13:51:12","modified_gmt":"2022-06-03T12:51:12","slug":"camp-mit-hans-werner-niesner-in-lampertheim","status":"publish","type":"post","link":"https:\/\/tv-bensheim.de\/badminton\/camp-mit-hans-werner-niesner-in-lampertheim\/","title":{"rendered":"Camp mit Hans Werner Niesner in Lampertheim"},"content":{"rendered":"<blockquote>\n<p class=\"p1\"><em><strong>Camp mit Hans Werner Niesner und TVB-Trainern in Lampertheim<\/strong><\/em><\/p>\n<\/blockquote>\n<p>&nbsp;<\/p>\n<p class=\"p1\">Traditionell findet in der Region \u00fcber Fronleichnam ein langes Badmintoncamp mit dem ehemaligen Bundestrainer Hans Werner Niesner und weiteren Trainern aus S\u00fcdhessen statt.<\/p>\n<p class=\"p1\">Die Organisation l\u00e4uft \u00fcber Rene Guiard und J\u00f6rg Paulin, die im TVB auch als Trainer, Coach und Spieler aktiv waren und sind. Hierbei wird ein gro\u00dfer Teil des Badminton-Spektrums abgedeckt und auf die W\u00fcnsche der Teilnehmerinnen und Teilnehmer eingegangen.<\/p>\n<p class=\"p1\">Diesmal kommt Lampertheim als Ausrichtungsort zum Zug. In der Altrheinhalle kann an vier Tagen das eigene Level erheblich gesteigert werden.<\/p>\n<p>Mehr Infos befinden sich in <a href=\"https:\/\/tv-bensheim.de\/wp-content\/uploads\/2022\/06\/20220511Einladung_Fronleichnam.pdf\">dieser PDF.<\/a><\/p>\n<p>&nbsp;<\/p>\n","protected":false},"excerpt":{"rendered":"<p>Camp mit Hans Werner Niesner und TVB-Trainern in Lampertheim &nbsp; Traditionell findet in der Region \u00fcber Fronleichnam ein langes Badmintoncamp mit dem ehemaligen Bundestrainer Hans Werner Niesner und weiteren Trainern aus S\u00fcdhessen statt. Die Organisation l\u00e4uft \u00fcber Rene Guiard und&#8230;<br \/><a class=\"read-more-button\" href=\"https:\/\/tv-bensheim.de\/2022\/06\/03\/camp-mit-hans-werner-niesner-in-lampertheim\/\">Mehr Lesen<\/a><\/p>\n","protected":false},"author":1,"featured_media":0,"comment_status":"open","ping_status":"closed","sticky":false,"template":"","format":"standard","meta":{"footnotes":""},"categories":[1],"tags":[],"class_list":["post-6657","post","type-post","status-publish","format-standard","hentry","category-uncategorized","category-1","description-off"],"yoast_head":"<!-- This site is optimized with the Yoast SEO plugin v26.9 - https:\/\/yoast.com\/product\/yoast-seo-wordpress\/ -->\n<title>Camp mit Hans Werner Niesner in Lampertheim - Badminton - TV 1862 Bensheim e.V<\/title>\n<meta name=\"robots\" content=\"index, follow, max-snippet:-1, max-image-preview:large, max-video-preview:-1\" \/>\n<link rel=\"canonical\" href=\"https:\/\/tv-bensheim.de\/badminton\/camp-mit-hans-werner-niesner-in-lampertheim\/\" \/>\n<meta property=\"og:locale\" content=\"de_DE\" \/>\n<meta property=\"og:type\" content=\"article\" \/>\n<meta property=\"og:title\" content=\"Camp mit Hans Werner Niesner in Lampertheim - Badminton - TV 1862 Bensheim e.V\" \/>\n<meta property=\"og:description\" content=\"Camp mit Hans Werner Niesner und TVB-Trainern in Lampertheim &nbsp; Traditionell findet in der Region \u00fcber Fronleichnam ein langes Badmintoncamp mit dem ehemaligen Bundestrainer Hans Werner Niesner und weiteren Trainern aus S\u00fcdhessen statt. Die Organisation l\u00e4uft \u00fcber Rene Guiard und&#8230;Mehr Lesen\" \/>\n<meta property=\"og:url\" content=\"https:\/\/tv-bensheim.de\/badminton\/camp-mit-hans-werner-niesner-in-lampertheim\/\" \/>\n<meta property=\"og:site_name\" content=\"Badminton - TV 1862 Bensheim e.V\" \/>\n<meta property=\"article:publisher\" content=\"https:\/\/www.facebook.com\/tvbensheimbadminton\" \/>\n<meta property=\"article:published_time\" content=\"2022-06-03T12:51:12+00:00\" \/>\n<meta name=\"author\" content=\"admin\" \/>\n<script type=\"application\/ld+json\" class=\"yoast-schema-graph\">{\"@context\":\"https:\/\/schema.org\",\"@graph\":[{\"@type\":\"Article\",\"@id\":\"https:\/\/tv-bensheim.de\/badminton\/camp-mit-hans-werner-niesner-in-lampertheim\/#article\",\"isPartOf\":{\"@id\":\"https:\/\/tv-bensheim.de\/badminton\/camp-mit-hans-werner-niesner-in-lampertheim\/\"},\"author\":{\"name\":\"admin\",\"@id\":\"https:\/\/tv-bensheim.de\/badminton\/#\/schema\/person\/d08d976de9daed147120bbc842964587\"},\"headline\":\"Camp mit Hans Werner Niesner in Lampertheim\",\"datePublished\":\"2022-06-03T12:51:12+00:00\",\"mainEntityOfPage\":{\"@id\":\"https:\/\/tv-bensheim.de\/badminton\/camp-mit-hans-werner-niesner-in-lampertheim\/\"},\"wordCount\":112,\"commentCount\":0,\"publisher\":{\"@id\":\"https:\/\/tv-bensheim.de\/badminton\/#organization\"},\"articleSection\":[\"Uncategorized\"],\"inLanguage\":\"de\",\"potentialAction\":[{\"@type\":\"CommentAction\",\"name\":\"Comment\",\"target\":[\"https:\/\/tv-bensheim.de\/badminton\/camp-mit-hans-werner-niesner-in-lampertheim\/#respond\"]}]},{\"@type\":\"WebPage\",\"@id\":\"https:\/\/tv-bensheim.de\/badminton\/camp-mit-hans-werner-niesner-in-lampertheim\/\",\"url\":\"https:\/\/tv-bensheim.de\/badminton\/camp-mit-hans-werner-niesner-in-lampertheim\/\",\"name\":\"Camp mit Hans Werner Niesner in Lampertheim - Badminton - TV 1862 Bensheim e.V\",\"isPartOf\":{\"@id\":\"https:\/\/tv-bensheim.de\/badminton\/#website\"},\"datePublished\":\"2022-06-03T12:51:12+00:00\",\"breadcrumb\":{\"@id\":\"https:\/\/tv-bensheim.de\/badminton\/camp-mit-hans-werner-niesner-in-lampertheim\/#breadcrumb\"},\"inLanguage\":\"de\",\"potentialAction\":[{\"@type\":\"ReadAction\",\"target\":[\"https:\/\/tv-bensheim.de\/badminton\/camp-mit-hans-werner-niesner-in-lampertheim\/\"]}]},{\"@type\":\"BreadcrumbList\",\"@id\":\"https:\/\/tv-bensheim.de\/badminton\/camp-mit-hans-werner-niesner-in-lampertheim\/#breadcrumb\",\"itemListElement\":[{\"@type\":\"ListItem\",\"position\":1,\"name\":\"Startseite\",\"item\":\"https:\/\/tv-bensheim.de\/badminton\/\"},{\"@type\":\"ListItem\",\"position\":2,\"name\":\"Camp mit Hans Werner Niesner in Lampertheim\"}]},{\"@type\":\"WebSite\",\"@id\":\"https:\/\/tv-bensheim.de\/badminton\/#website\",\"url\":\"https:\/\/tv-bensheim.de\/badminton\/\",\"name\":\"Badminton - TV 1862 Bensheim e.V\",\"description\":\"Alle Angebote der Badmintonabteilung des TV 1862 Bensheim e.V\",\"publisher\":{\"@id\":\"https:\/\/tv-bensheim.de\/badminton\/#organization\"},\"potentialAction\":[{\"@type\":\"SearchAction\",\"target\":{\"@type\":\"EntryPoint\",\"urlTemplate\":\"https:\/\/tv-bensheim.de\/badminton\/?s={search_term_string}\"},\"query-input\":{\"@type\":\"PropertyValueSpecification\",\"valueRequired\":true,\"valueName\":\"search_term_string\"}}],\"inLanguage\":\"de\"},{\"@type\":\"Organization\",\"@id\":\"https:\/\/tv-bensheim.de\/badminton\/#organization\",\"name\":\"Badminton - TV 1862 Bensheim e.V\",\"url\":\"https:\/\/tv-bensheim.de\/badminton\/\",\"logo\":{\"@type\":\"ImageObject\",\"inLanguage\":\"de\",\"@id\":\"https:\/\/tv-bensheim.de\/badminton\/#\/schema\/logo\/image\/\",\"url\":\"https:\/\/tv-bensheim.de\/badminton\/wp-content\/uploads\/2024\/02\/tvb-vektor2020-4c-Transparent.svg\",\"contentUrl\":\"https:\/\/tv-bensheim.de\/badminton\/wp-content\/uploads\/2024\/02\/tvb-vektor2020-4c-Transparent.svg\",\"width\":309,\"height\":396,\"caption\":\"Badminton - TV 1862 Bensheim e.V\"},\"image\":{\"@id\":\"https:\/\/tv-bensheim.de\/badminton\/#\/schema\/logo\/image\/\"},\"sameAs\":[\"https:\/\/www.facebook.com\/tvbensheimbadminton\",\"https:\/\/www.instagram.com\/tvbensheimbadminton\"]},{\"@type\":\"Person\",\"@id\":\"https:\/\/tv-bensheim.de\/badminton\/#\/schema\/person\/d08d976de9daed147120bbc842964587\",\"name\":\"admin\",\"image\":{\"@type\":\"ImageObject\",\"inLanguage\":\"de\",\"@id\":\"https:\/\/tv-bensheim.de\/badminton\/#\/schema\/person\/image\/\",\"url\":\"https:\/\/secure.gravatar.com\/avatar\/ea1cc042b124da9322e516a7a5fee9f5a1b8b3fdf83c2b14231d16f4bdb2df59?s=96&d=mm&r=g\",\"contentUrl\":\"https:\/\/secure.gravatar.com\/avatar\/ea1cc042b124da9322e516a7a5fee9f5a1b8b3fdf83c2b14231d16f4bdb2df59?s=96&d=mm&r=g\",\"caption\":\"admin\"},\"sameAs\":[\"https:\/\/tv-bensheim.de\/badminton\"],\"url\":\"https:\/\/tv-bensheim.de\/badminton\/author\/kassenwart_e0lbkkgv\/\"}]}<\/script>\n<!-- \/ Yoast SEO plugin. -->","yoast_head_json":{"title":"Camp mit Hans Werner Niesner in Lampertheim - Badminton - TV 1862 Bensheim e.V","robots":{"index":"index","follow":"follow","max-snippet":"max-snippet:-1","max-image-preview":"max-image-preview:large","max-video-preview":"max-video-preview:-1"},"canonical":"https:\/\/tv-bensheim.de\/badminton\/camp-mit-hans-werner-niesner-in-lampertheim\/","og_locale":"de_DE","og_type":"article","og_title":"Camp mit Hans Werner Niesner in Lampertheim - Badminton - TV 1862 Bensheim e.V","og_description":"Camp mit Hans Werner Niesner und TVB-Trainern in Lampertheim &nbsp; Traditionell findet in der Region \u00fcber Fronleichnam ein langes Badmintoncamp mit dem ehemaligen Bundestrainer Hans Werner Niesner und weiteren Trainern aus S\u00fcdhessen statt. Die Organisation l\u00e4uft \u00fcber Rene Guiard und&#8230;Mehr Lesen","og_url":"https:\/\/tv-bensheim.de\/badminton\/camp-mit-hans-werner-niesner-in-lampertheim\/","og_site_name":"Badminton - TV 1862 Bensheim e.V","article_publisher":"https:\/\/www.facebook.com\/tvbensheimbadminton","article_published_time":"2022-06-03T12:51:12+00:00","author":"admin","schema":{"@context":"https:\/\/schema.org","@graph":[{"@type":"Article","@id":"https:\/\/tv-bensheim.de\/badminton\/camp-mit-hans-werner-niesner-in-lampertheim\/#article","isPartOf":{"@id":"https:\/\/tv-bensheim.de\/badminton\/camp-mit-hans-werner-niesner-in-lampertheim\/"},"author":{"name":"admin","@id":"https:\/\/tv-bensheim.de\/badminton\/#\/schema\/person\/d08d976de9daed147120bbc842964587"},"headline":"Camp mit Hans Werner Niesner in Lampertheim","datePublished":"2022-06-03T12:51:12+00:00","mainEntityOfPage":{"@id":"https:\/\/tv-bensheim.de\/badminton\/camp-mit-hans-werner-niesner-in-lampertheim\/"},"wordCount":112,"commentCount":0,"publisher":{"@id":"https:\/\/tv-bensheim.de\/badminton\/#organization"},"articleSection":["Uncategorized"],"inLanguage":"de","potentialAction":[{"@type":"CommentAction","name":"Comment","target":["https:\/\/tv-bensheim.de\/badminton\/camp-mit-hans-werner-niesner-in-lampertheim\/#respond"]}]},{"@type":"WebPage","@id":"https:\/\/tv-bensheim.de\/badminton\/camp-mit-hans-werner-niesner-in-lampertheim\/","url":"https:\/\/tv-bensheim.de\/badminton\/camp-mit-hans-werner-niesner-in-lampertheim\/","name":"Camp mit Hans Werner Niesner in Lampertheim - Badminton - TV 1862 Bensheim e.V","isPartOf":{"@id":"https:\/\/tv-bensheim.de\/badminton\/#website"},"datePublished":"2022-06-03T12:51:12+00:00","breadcrumb":{"@id":"https:\/\/tv-bensheim.de\/badminton\/camp-mit-hans-werner-niesner-in-lampertheim\/#breadcrumb"},"inLanguage":"de","potentialAction":[{"@type":"ReadAction","target":["https:\/\/tv-bensheim.de\/badminton\/camp-mit-hans-werner-niesner-in-lampertheim\/"]}]},{"@type":"BreadcrumbList","@id":"https:\/\/tv-bensheim.de\/badminton\/camp-mit-hans-werner-niesner-in-lampertheim\/#breadcrumb","itemListElement":[{"@type":"ListItem","position":1,"name":"Startseite","item":"https:\/\/tv-bensheim.de\/badminton\/"},{"@type":"ListItem","position":2,"name":"Camp mit Hans Werner Niesner in Lampertheim"}]},{"@type":"WebSite","@id":"https:\/\/tv-bensheim.de\/badminton\/#website","url":"https:\/\/tv-bensheim.de\/badminton\/","name":"Badminton - TV 1862 Bensheim e.V","description":"Alle Angebote der Badmintonabteilung des TV 1862 Bensheim e.V","publisher":{"@id":"https:\/\/tv-bensheim.de\/badminton\/#organization"},"potentialAction":[{"@type":"SearchAction","target":{"@type":"EntryPoint","urlTemplate":"https:\/\/tv-bensheim.de\/badminton\/?s={search_term_string}"},"query-input":{"@type":"PropertyValueSpecification","valueRequired":true,"valueName":"search_term_string"}}],"inLanguage":"de"},{"@type":"Organization","@id":"https:\/\/tv-bensheim.de\/badminton\/#organization","name":"Badminton - TV 1862 Bensheim e.V","url":"https:\/\/tv-bensheim.de\/badminton\/","logo":{"@type":"ImageObject","inLanguage":"de","@id":"https:\/\/tv-bensheim.de\/badminton\/#\/schema\/logo\/image\/","url":"https:\/\/tv-bensheim.de\/badminton\/wp-content\/uploads\/2024\/02\/tvb-vektor2020-4c-Transparent.svg","contentUrl":"https:\/\/tv-bensheim.de\/badminton\/wp-content\/uploads\/2024\/02\/tvb-vektor2020-4c-Transparent.svg","width":309,"height":396,"caption":"Badminton - TV 1862 Bensheim e.V"},"image":{"@id":"https:\/\/tv-bensheim.de\/badminton\/#\/schema\/logo\/image\/"},"sameAs":["https:\/\/www.facebook.com\/tvbensheimbadminton","https:\/\/www.instagram.com\/tvbensheimbadminton"]},{"@type":"Person","@id":"https:\/\/tv-bensheim.de\/badminton\/#\/schema\/person\/d08d976de9daed147120bbc842964587","name":"admin","image":{"@type":"ImageObject","inLanguage":"de","@id":"https:\/\/tv-bensheim.de\/badminton\/#\/schema\/person\/image\/","url":"https:\/\/secure.gravatar.com\/avatar\/ea1cc042b124da9322e516a7a5fee9f5a1b8b3fdf83c2b14231d16f4bdb2df59?s=96&d=mm&r=g","contentUrl":"https:\/\/secure.gravatar.com\/avatar\/ea1cc042b124da9322e516a7a5fee9f5a1b8b3fdf83c2b14231d16f4bdb2df59?s=96&d=mm&r=g","caption":"admin"},"sameAs":["https:\/\/tv-bensheim.de\/badminton"],"url":"https:\/\/tv-bensheim.de\/badminton\/author\/kassenwart_e0lbkkgv\/"}]}},"_links":{"self":[{"href":"https:\/\/tv-bensheim.de\/badminton\/wp-json\/wp\/v2\/posts\/6657","targetHints":{"allow":["GET"]}}],"collection":[{"href":"https:\/\/tv-bensheim.de\/badminton\/wp-json\/wp\/v2\/posts"}],"about":[{"href":"https:\/\/tv-bensheim.de\/badminton\/wp-json\/wp\/v2\/types\/post"}],"author":[{"embeddable":true,"href":"https:\/\/tv-bensheim.de\/badminton\/wp-json\/wp\/v2\/users\/1"}],"replies":[{"embeddable":true,"href":"https:\/\/tv-bensheim.de\/badminton\/wp-json\/wp\/v2\/comments?post=6657"}],"version-history":[{"count":0,"href":"https:\/\/tv-bensheim.de\/badminton\/wp-json\/wp\/v2\/posts\/6657\/revisions"}],"wp:attachment":[{"href":"https:\/\/tv-bensheim.de\/badminton\/wp-json\/wp\/v2\/media?parent=6657"}],"wp:term":[{"taxonomy":"category","embeddable":true,"href":"https:\/\/tv-bensheim.de\/badminton\/wp-json\/wp\/v2\/categories?post=6657"},{"taxonomy":"post_tag","embeddable":true,"href":"https:\/\/tv-bensheim.de\/badminton\/wp-json\/wp\/v2\/tags?post=6657"}],"curies":[{"name":"wp","href":"https:\/\/api.w.org\/{rel}","templated":true}]}}